{"id":7569,"date":"2020-01-14T09:11:13","date_gmt":"2020-01-14T08:11:13","guid":{"rendered":"http:\/\/mediocudeyo.es\/web\/?p=7569"},"modified":"2020-01-14T09:11:13","modified_gmt":"2020-01-14T08:11:13","slug":"filmoteca-tres-identicos-desconocidos","status":"publish","type":"post","link":"https:\/\/mediocudeyo.es\/web\/filmoteca-tres-identicos-desconocidos\/","title":{"rendered":"FILMOTECA: TRES IDENTICOS DESCONOCIDOS"},"content":{"rendered":"\n<figure class=\"wp-block-image\"><img decoding=\"async\" src=\"http:\/\/mediocudeyo.es\/web\/wp-content\/uploads\/2020\/01\/three_identical_strangers-475658853-large.jpg\" alt=\"\" class=\"wp-image-7570\"\/><\/figure>\n\n\n\n<p> Lunes 20 de enero, 20:00 h.<\/p>\n\n\n\n<p>Centro Cultural Ram\u00f3n Pelayo (Solares)<\/p>\n\n\n\n<p>Precio \u00fanico: 2,50\u20ac<\/p>\n\n\n\n<p>V. O. S. E.<\/p>\n\n\n\n<p>Calificaci\u00f3n: APTA PARA  TODOS LOS P\u00daBLICOS                                                                                                                                                                                                                                                       <\/p>\n\n\n\n<!--more-->\n\n\n\n<p>T\u00edtulo original :Three Identical Strangers                          <\/p>\n\n\n\n<p>A\u00f1o: 2018              <\/p>\n\n\n\n<p>Duraci\u00f3n: 96 min.             <\/p>\n\n\n\n<p>Pa\u00eds: Reino Unido             <\/p>\n\n\n\n<p>Direcci\u00f3n: <a href=\"https:\/\/www.filmaffinity.com\/es\/search.php?stype=director&amp;sn&amp;stext=Tim%20Wardle\">Tim Wardle<\/a>                                          <\/p>\n\n\n\n<p>M\u00fasica: Paul Saunderson             <\/p>\n\n\n\n<p>Fotograf\u00eda: Tim Cragg             <\/p>\n\n\n\n<p>Reparto: <a href=\"https:\/\/www.filmaffinity.com\/es\/search.php?stype=cast&amp;sn&amp;stext=Documentary\">Documentary<\/a>, <a href=\"https:\/\/www.filmaffinity.com\/es\/search.php?stype=cast&amp;sn&amp;stext=Eddy%20Galland\"> Eddy Galland<\/a>, <a href=\"https:\/\/www.filmaffinity.com\/es\/search.php?stype=cast&amp;sn&amp;stext=David%20Kellman\">David Kellman<\/a>, <a href=\"https:\/\/www.filmaffinity.com\/es\/search.php?stype=cast&amp;sn&amp;stext=Robert%20Shafran\">Robert Shafran<\/a>                                          Productora: RAW. Distribuida por Neon             <\/p>\n\n\n\n<p>G\u00e9nero: <a href=\"https:\/\/www.filmaffinity.com\/es\/moviegenre.php?genre=DO&amp;attr=rat_count&amp;nodoc\">Documental<\/a>                     <\/p>\n\n\n\n<p>Sinopsis: Nueva York, 1980: tres completos  extra\u00f1os descubren accidentalmente que son trillizos id\u00e9nticos,  separados en el momento del nacimiento. Una alegre reuni\u00f3n tras 19 a\u00f1os  los catapulta a la fama internacional, pero tambi\u00e9n abre un secreto  extraordinario e inquietante que va m\u00e1s all\u00e1 de sus propias vidas y  podr\u00eda transformar nuestra comprensi\u00f3n de la naturaleza humana para  siempre.      <\/p>\n\n\n\n<p><a href=\"https:\/\/www.youtube.com\/watch?v=a9YVts6mUgY\" data-rel=\"lightbox-video-0\">TRAILER V.O.S.E. \u00abTRES IDENTICOS DESCONOCIDOS\u00bb<\/a><\/p>\n","protected":false},"excerpt":{"rendered":"<p>Lunes 20 de enero, 20:00 h. Centro Cultural Ram\u00f3n Pelayo (Solares) Precio \u00fanico: 2,50\u20ac V. O. S. E. Calificaci\u00f3n: APTA PARA TODOS LOS P\u00daBLICOS<\/p>\n","protected":false},"author":4,"featured_media":0,"comment_status":"closed","ping_status":"closed","sticky":false,"template":"","format":"standard","meta":{"footnotes":""},"categories":[59],"tags":[58,116,105],"class_list":["post-7569","post","type-post","status-publish","format-standard","hentry","category-cultura","tag-centro-cultural-ramon-pelayo","tag-cine","tag-filmoteca-regional"],"_links":{"self":[{"href":"https:\/\/mediocudeyo.es\/web\/wp-json\/wp\/v2\/posts\/7569"}],"collection":[{"href":"https:\/\/mediocudeyo.es\/web\/wp-json\/wp\/v2\/posts"}],"about":[{"href":"https:\/\/mediocudeyo.es\/web\/wp-json\/wp\/v2\/types\/post"}],"author":[{"embeddable":true,"href":"https:\/\/mediocudeyo.es\/web\/wp-json\/wp\/v2\/users\/4"}],"replies":[{"embeddable":true,"href":"https:\/\/mediocudeyo.es\/web\/wp-json\/wp\/v2\/comments?post=7569"}],"version-history":[{"count":0,"href":"https:\/\/mediocudeyo.es\/web\/wp-json\/wp\/v2\/posts\/7569\/revisions"}],"wp:attachment":[{"href":"https:\/\/mediocudeyo.es\/web\/wp-json\/wp\/v2\/media?parent=7569"}],"wp:term":[{"taxonomy":"category","embeddable":true,"href":"https:\/\/mediocudeyo.es\/web\/wp-json\/wp\/v2\/categories?post=7569"},{"taxonomy":"post_tag","embeddable":true,"href":"https:\/\/mediocudeyo.es\/web\/wp-json\/wp\/v2\/tags?post=7569"}],"curies":[{"name":"wp","href":"https:\/\/api.w.org\/{rel}","templated":true}]}}