{"id":7655,"date":"2020-01-31T14:43:44","date_gmt":"2020-01-31T13:43:44","guid":{"rendered":"http:\/\/mediocudeyo.es\/web\/?p=7655"},"modified":"2020-01-31T14:43:44","modified_gmt":"2020-01-31T13:43:44","slug":"carnaval-medio-cudeyo-2020","status":"publish","type":"post","link":"https:\/\/mediocudeyo.es\/web\/carnaval-medio-cudeyo-2020\/","title":{"rendered":"CARNAVAL MEDIO CUDEYO 2020"},"content":{"rendered":"\n<figure class=\"wp-block-image\"><img decoding=\"async\" src=\"http:\/\/mediocudeyo.es\/web\/wp-content\/uploads\/2020\/01\/Cartel-Carnaval-2020_page-0001-725x1024.jpg\" alt=\"\" class=\"wp-image-7656\"\/><\/figure>\n\n\n\n<p><strong>BASES CONCURSO CARNAVAL\n2020<\/strong><\/p>\n\n\n\n<p><strong>PRIMERA<\/strong>&#8211; Podr\u00e1n participar cuantas personas\nlo deseen sin l\u00edmite de edad.<\/p>\n\n\n\n<p><strong>SEGUNDA<\/strong>&#8211; Las categor\u00edas establecidas son las\nsiguientes, pudi\u00e9ndose optar \u00fanicamente a una:<\/p>\n\n\n\n<ul class=\"wp-block-list\"><li>Individual.<\/li><li>Parejas.<\/li><li>Grupillo\n(hasta cinco componentes).<\/li><li>Grupote\n(m\u00e1s de cinco componentes).<\/li><\/ul>\n\n\n\n<p><strong>TERCERA<\/strong>&#8211; Tanto la confecci\u00f3n de los trajes\ncomo la tem\u00e1tica ser\u00e1n libres.<\/p>\n\n\n\n<p><strong>CUARTA<\/strong>&#8211; Los participantes en el concurso\ndeber\u00e1n formar parte del desfile, partiendo desde el Parque del Ferial hasta el\nPabell\u00f3n Mies del Corro y podr\u00e1n incluir todo aquello que de mayor vistosidad\nal disfraz (mu\u00f1ecos, carritos, accesorios, etc.).<\/p>\n\n\n\n<p><strong>QUINTA<\/strong>&#8211; La inscripci\u00f3n de los participantes\nse realizar\u00e1 en el Centro Cultural Ram\u00f3n Pelayo (Paseo de la Ventilla, s\/n,\nSolares, tfno. 942522685, <a href=\"mailto:centrocultural@mediocudeyo.es\">centrocultural@mediocudeyo.es<\/a>) desde el lunes 3 de febrero al\nviernes 21 de febrero. El d\u00eda del desfile, el s\u00e1bado 22 de febrero, se\nrecoger\u00e1n de manera excepcional inscripciones de 17.00 a 17.30 horas en la zona\nde salida (Parque del Ferial). A partir de esta hora, las personas no inscritas\npodr\u00e1n desfilar pero no participar en el concurso. <\/p>\n\n\n\n<p><strong>SEXTA<\/strong>&#8211; El jurado, elegido por la\nConcejal\u00eda de Festejos, se situar\u00e1 en el Pabell\u00f3n Polideportivo Mies del Corro,\nlugar en el cual los participantes podr\u00e1n realizar, si quisieran, alguna\ncoreograf\u00eda frente al mismo.<\/p>\n\n\n\n<p>El jurado valorar\u00e1 los siguientes aspectos para otorgar cada\nuno de los premios:<\/p>\n\n\n\n<ul class=\"wp-block-list\"><li>Elaboraci\u00f3n\ndel disfraz, confecci\u00f3n y trabajo.<\/li><li>Simpat\u00eda\ny gracia al desfilar.<\/li><li>Originalidad\ndel disfraz, de la coreograf\u00eda e impacto causado entre el p\u00fablico.<\/li><\/ul>\n\n\n\n<p><strong>S\u00c9PTIMA<\/strong>&#8211; Los premios del concurso ser\u00e1n:<\/p>\n\n\n\n<ul class=\"wp-block-list\"><li>Categor\u00eda\nIndividual: cena para dos personas en la cafeter\u00eda Sol de Solares.<\/li><li>Categor\u00eda\nPareja: dos circuitos Hidr\u00f3polis en el Balneario de Solares.<\/li><li>Categor\u00eda\nGrupo A (Grupillo): cena para los componentes del grupo en el multiespacio\nNubes de Solares.<\/li><li>Categor\u00eda\nGrupo B (Grupote): merienda-cena para los componentes del grupo en el Bar Ges\nde Solares.<\/li><\/ul>\n\n\n\n<p><strong>OCTAVA<\/strong>&#8211; Una vez finalizado el desfile, en\nel interior del Pabell\u00f3n Mies del Corro se har\u00e1 p\u00fablico el resultado y tendr\u00e1\nlugar la entrega de los premios.<\/p>\n\n\n\n<p><strong>NOVENA<\/strong>&#8211; El mero hecho de inscribirse en el\nconcurso supone la plena aceptaci\u00f3n de estas bases.<\/p>\n","protected":false},"excerpt":{"rendered":"<p>BASES CONCURSO CARNAVAL 2020 PRIMERA&#8211; Podr\u00e1n participar cuantas personas lo deseen sin l\u00edmite de edad. SEGUNDA&#8211; Las categor\u00edas establecidas son las siguientes, pudi\u00e9ndose optar \u00fanicamente a una: Individual. Parejas. Grupillo [&hellip;]<\/p>\n","protected":false},"author":4,"featured_media":0,"comment_status":"closed","ping_status":"closed","sticky":false,"template":"","format":"standard","meta":{"footnotes":""},"categories":[59],"tags":[142,60],"class_list":["post-7655","post","type-post","status-publish","format-standard","hentry","category-cultura","tag-carnaval","tag-medio-cudeyo"],"_links":{"self":[{"href":"https:\/\/mediocudeyo.es\/web\/wp-json\/wp\/v2\/posts\/7655"}],"collection":[{"href":"https:\/\/mediocudeyo.es\/web\/wp-json\/wp\/v2\/posts"}],"about":[{"href":"https:\/\/mediocudeyo.es\/web\/wp-json\/wp\/v2\/types\/post"}],"author":[{"embeddable":true,"href":"https:\/\/mediocudeyo.es\/web\/wp-json\/wp\/v2\/users\/4"}],"replies":[{"embeddable":true,"href":"https:\/\/mediocudeyo.es\/web\/wp-json\/wp\/v2\/comments?post=7655"}],"version-history":[{"count":0,"href":"https:\/\/mediocudeyo.es\/web\/wp-json\/wp\/v2\/posts\/7655\/revisions"}],"wp:attachment":[{"href":"https:\/\/mediocudeyo.es\/web\/wp-json\/wp\/v2\/media?parent=7655"}],"wp:term":[{"taxonomy":"category","embeddable":true,"href":"https:\/\/mediocudeyo.es\/web\/wp-json\/wp\/v2\/categories?post=7655"},{"taxonomy":"post_tag","embeddable":true,"href":"https:\/\/mediocudeyo.es\/web\/wp-json\/wp\/v2\/tags?post=7655"}],"curies":[{"name":"wp","href":"https:\/\/api.w.org\/{rel}","templated":true}]}}