{"id":7742,"date":"2020-02-12T14:02:55","date_gmt":"2020-02-12T13:02:55","guid":{"rendered":"http:\/\/mediocudeyo.es\/web\/?p=7742"},"modified":"2020-02-12T14:02:55","modified_gmt":"2020-02-12T13:02:55","slug":"contra-la-violencia-de-genero","status":"publish","type":"post","link":"https:\/\/mediocudeyo.es\/web\/contra-la-violencia-de-genero\/","title":{"rendered":"CONTRA LA VIOLENCIA DE G\u00c9NERO"},"content":{"rendered":"\n<p>\nEl  pr\u00f3ximo lunes 17 de febrero a las 19:00, tenemos una charla de  \nSensibilizaci\u00f3n y Prevenci\u00f3n de la Violencia de G\u00e9nero en el Centro  \nCultural. En ella, trataremos de aclarar conceptos, analizaremos  los \nmitos, estereotipos y falsas creencias acerca de la Vdg, hablaremos  \nsobre las caracter\u00edsticas de esta y muchas cosas m\u00e1s.<br> \u00a1Os esperamos!  \n\n<\/p>\n\n\n\n<figure class=\"wp-block-image\"><img decoding=\"async\" src=\"http:\/\/mediocudeyo.es\/web\/wp-content\/uploads\/2020\/02\/Escan_-724x1024.jpg\" alt=\"\" class=\"wp-image-7743\" \/><figcaption> <\/figcaption><\/figure>\n","protected":false},"excerpt":{"rendered":"<p>El pr\u00f3ximo lunes 17 de febrero a las 19:00, tenemos una charla de Sensibilizaci\u00f3n y Prevenci\u00f3n de la Violencia de G\u00e9nero en el Centro Cultural. En ella, trataremos de aclarar [&hellip;]<\/p>\n","protected":false},"author":11,"featured_media":0,"comment_status":"closed","ping_status":"closed","sticky":false,"template":"","format":"standard","meta":{"footnotes":""},"categories":[55],"tags":[333,245,334],"class_list":["post-7742","post","type-post","status-publish","format-standard","hentry","category-servicios-sociales","tag-charlas","tag-servicios-sociales","tag-violencia-de-genero"],"_links":{"self":[{"href":"https:\/\/mediocudeyo.es\/web\/wp-json\/wp\/v2\/posts\/7742"}],"collection":[{"href":"https:\/\/mediocudeyo.es\/web\/wp-json\/wp\/v2\/posts"}],"about":[{"href":"https:\/\/mediocudeyo.es\/web\/wp-json\/wp\/v2\/types\/post"}],"author":[{"embeddable":true,"href":"https:\/\/mediocudeyo.es\/web\/wp-json\/wp\/v2\/users\/11"}],"replies":[{"embeddable":true,"href":"https:\/\/mediocudeyo.es\/web\/wp-json\/wp\/v2\/comments?post=7742"}],"version-history":[{"count":0,"href":"https:\/\/mediocudeyo.es\/web\/wp-json\/wp\/v2\/posts\/7742\/revisions"}],"wp:attachment":[{"href":"https:\/\/mediocudeyo.es\/web\/wp-json\/wp\/v2\/media?parent=7742"}],"wp:term":[{"taxonomy":"category","embeddable":true,"href":"https:\/\/mediocudeyo.es\/web\/wp-json\/wp\/v2\/categories?post=7742"},{"taxonomy":"post_tag","embeddable":true,"href":"https:\/\/mediocudeyo.es\/web\/wp-json\/wp\/v2\/tags?post=7742"}],"curies":[{"name":"wp","href":"https:\/\/api.w.org\/{rel}","templated":true}]}}