{"id":7747,"date":"2020-02-12T14:23:26","date_gmt":"2020-02-12T13:23:26","guid":{"rendered":"http:\/\/mediocudeyo.es\/web\/?p=7747"},"modified":"2020-02-12T14:23:26","modified_gmt":"2020-02-12T13:23:26","slug":"ii-certamen-de-micropoemas-haikus-y-microrrelatos-ana-ma-cagigal","status":"publish","type":"post","link":"https:\/\/mediocudeyo.es\/web\/ii-certamen-de-micropoemas-haikus-y-microrrelatos-ana-ma-cagigal\/","title":{"rendered":"II Certamen de micropoemas\/haik\u00fas y microrrelatos \u00abAna M\u00aa Cagigal\u00bb"},"content":{"rendered":"\n<p>El Ayuntamiento de Medio Cudeyo convoca el  <strong>II Certamen de micropoemas\/haik\u00fas y microrrelatos \u00ab<\/strong><em><strong>Ana M\u00aa Cagigal<\/strong><\/em>\u00bb  con el fin de fomentar la creaci\u00f3n po\u00e9tica, contribuir a la difusi\u00f3n de la obra de esta autora, y conmemorar el D\u00eda Internacional de la Mujer en este 2020. Siendo Ana M\u00aa Cagigal un referente importante en nuestro municipio como activista por los derechos de la mujer y como deportista, cruzando a nado su amada bah\u00eda de Santander.<\/p>\n\n\n\n<figure class=\"wp-block-image\"><img decoding=\"async\" src=\"http:\/\/mediocudeyo.es\/web\/wp-content\/uploads\/2020\/02\/Ana-Maria-Cagigal-travesia-igualdad_EDICRT20170525_0003_14.jpg\" alt=\"\" class=\"wp-image-7753\"\/><figcaption>Imagen cedida por Sara Fuentes Art<\/figcaption><\/figure>\n\n\n\n<p> \u201cSi queremos cambiar empecemos por hacerlo distinto: en el deporte igual-da\u201d <\/p>\n\n\n\n<!--more-->\n\n\n\n<p><\/p>\n\n\n\n<p><strong>Bases  II Certamen de micropoemas\/haik\u00fas y microrrelatos \u00ab<\/strong><em><strong>Ana M\u00aa Cagigal<\/strong><\/em><strong>\u00ab<\/strong>: <\/p>\n\n\n\n<p><strong><em>I-Tem\u00e1tica<\/em><\/strong>: La\ntem\u00e1tica del concurso girar\u00e1 en torno a la Mujer y el Deporte. Las formas m\u00e9tricas\nempleadas ser\u00e1n entre los tres versos y los cinco sin necesidad de rima, e\nilustrado con una imagen que puede ser propia o con derechos permitidos para su\nutilizaci\u00f3n.<\/p>\n\n\n\n<p><strong><em>II- Participantes: <\/em><\/strong>&nbsp;Podr\u00e1n participar en el concurso todas las\npersonas f\u00edsicas no importa edad, con independencia de su nacionalidad o lugar\nde residencia, pudiendo presentarse tambi\u00e9n por parejas o colectivo.<\/p>\n\n\n\n<p><strong><em>&nbsp;III-Categor\u00edas:<\/em><\/strong> <\/p>\n\n\n\n<p>Se establecen tres modalidades:<\/p>\n\n\n\n<p>1.- Centros Educativos<\/p>\n\n\n\n<p>2.-Asociaciones<\/p>\n\n\n\n<p>3.- P\u00fablico general<\/p>\n\n\n\n<p>S\u00f3lo se aceptar\u00e1n un m\u00e1ximo de 3\nmicropoemas o microrrelatos por participante \/s.<\/p>\n\n\n\n<p>Ser\u00e1n retiradas aquellas que\natenten contra el derecho al honor, la intimidad y el buen gusto, as\u00ed como las\nque inciten a la violencia.<\/p>\n\n\n\n<p>Las personas participantes\ndeclarar\u00e1n ser \u00fanicos titulares de los derechos de autor sobre las creaciones presentadas\ny asumir\u00e1n toda la responsabilidad ante cualquier reclamaci\u00f3n de terceros,\ntanto por derechos de titularidad como por otros derechos contemplados\nlegalmente.<\/p>\n\n\n\n<p>La participaci\u00f3n en el concurso\nconlleva la cesi\u00f3n de los derechos de reproducci\u00f3n, distribuci\u00f3n y comunicaci\u00f3n\np\u00fablica de las obras presentadas para la difusi\u00f3n del concurso. Las obras\nganadoras podr\u00e1n utilizarse para la promoci\u00f3n en futuras campa\u00f1as publicitarias.\nLos autores de los micropoemas y microrrelatos utilizados en estas campa\u00f1as\naparecer\u00e1n publicados en los cr\u00e9ditos de las mismas.<\/p>\n\n\n\n<p><strong><em>III-Presentaci\u00f3n:<\/em><\/strong> &nbsp;Los participantes o grupo de participantes\nenviaran sus creaciones a trav\u00e9s de la direcci\u00f3n de correo electr\u00f3nico:&nbsp; <\/p>\n\n\n\n<p><a href=\"mailto:cultura@mediocudeyo.es\">cultura@mediocudeyo.es<\/a><\/p>\n\n\n\n<p>o presencialmente en el Punto de Informaci\u00f3n Municipal \u2013\nCentro Cultural Ram\u00f3n Pelayo (Paseo de la Ventilla s\/N, Solares).<\/p>\n\n\n\n<p>En el asunto ha de aparecer: II\nCertamen \u201cAna M\u00aa Cagigal\u201d 2020<\/p>\n\n\n\n<p>Las fechas para el env\u00edo ser\u00e1n <em>desde las 8.00 del d\u00eda 12&nbsp; de febrero hasta el 16 de marzo a las 09.00h.<\/em><\/p>\n\n\n\n<p>En el e-mail de env\u00edo o en el\nsobre presencial deber\u00e1n figurar los siguientes datos:<\/p>\n\n\n\n<p>-Nombre y apellidos del autor o autora,\no nombre representativo del colectivo de autores.<\/p>\n\n\n\n<p>-Domicilio.<\/p>\n\n\n\n<p>-Fecha de nacimiento.<\/p>\n\n\n\n<p>-NIF o NIE.<\/p>\n\n\n\n<p>-Direcci\u00f3n de correo electr\u00f3nico\nde contacto.<\/p>\n\n\n\n<p>-Tel\u00e9fono de contacto.<\/p>\n\n\n\n<p>-T\u00edtulo del micropoema o haik\u00fa.<\/p>\n\n\n\n<p>-Modalidad en la que se\nparticipa.<\/p>\n\n\n\n<p>La organizaci\u00f3n podr\u00e1 requerir en\ncualquier momento la acreditaci\u00f3n de los datos aportados por los participantes.<\/p>\n\n\n\n<p>Las creaciones deben presentarse\nen formato Word o PDF en color. <\/p>\n\n\n\n<p>En el caso de enviarlo por\ne-mail, deber\u00e1n adjuntarse, no admiti\u00e9ndose aquellas que aparezcan copiadas\ndirectamente en el cuerpo del mensaje.<\/p>\n\n\n\n<p><strong><em>IV- Premios: <\/em><\/strong><\/p>\n\n\n\n<p>Se establecer\u00e1 1 premio por cada\ncategor\u00eda de las establecidas:<\/p>\n\n\n\n<ol class=\"wp-block-list\"><li><strong>Micropoema\no microrrelato m\u00e1s popular:<\/strong><\/li><li>Centros\neducativos: Lotes de juegos coeducativos para la actividad f\u00edsica.<\/li><li>Asociaciones:\nSalida cultural.<\/li><li>P\u00fablico\ngeneral: Bono-regalo del Balneario de Solares.<\/li><\/ol>\n\n\n\n<p><strong><em>V-Premiados:<\/em><\/strong><\/p>\n\n\n\n<p>Los micropoemas o microrrelatos premiados ser\u00e1n aquellos que sumando\nlos siguientes porcentajes consigan la puntuaci\u00f3n m\u00e1s alta:<\/p>\n\n\n\n<ul class=\"wp-block-list\"><li>En un 60 %, reciban m\u00e1s n\u00famero de votos \u201cMe\ngusta\u201d &nbsp;en la galer\u00eda de fotos creada a\ntal efecto en la red social Facebook &nbsp;\u201cmedio\ncudeyo cultural \u201c y que estar\u00e1 activa desde el 16 de marzo a las 15.00h hasta\nel 18 de marzo a las 15.00h<\/li><li>En un 40%, la evaluaci\u00f3n de cada creaci\u00f3n por\nparte del jurado.<\/li><\/ul>\n\n\n\n<p>El jurado estar\u00e1 compuesto por las siguientes personas: un o una\nrepresentante municipal, la responsable de la biblioteca municipal y la t\u00e9cnica\nde cultura del centro cultural Ram\u00f3n Pelayo. <\/p>\n\n\n\n<p>El jurado se reserva el derecho de declarar los premios desiertos en\ncaso de que las creaciones presentadas no re\u00fanan las condiciones m\u00ednimas.<\/p>\n\n\n\n<p>Los criterios de evaluaci\u00f3n del jurado ser\u00e1n la creatividad y la\nest\u00e9tica literaria.<\/p>\n\n\n\n<p>El fallo ser\u00e1 definitivo e inapelable y se dar\u00e1 a conocer el d\u00eda <em>19 de marzo, <\/em>procediendo a la entrega de\npremios a las 12.00 en el Centro Cultural Ram\u00f3n Pelayo<em>.<\/em><\/p>\n\n\n\n<p>Las personas participantes que no cumplan con cualquiera de los\nrequisitos indicados en esta convocatoria ser\u00e1n descalificados autom\u00e1ticamente.<\/p>\n\n\n\n<p>En caso de empate se proceder\u00e1 al desempate ampliando la votaci\u00f3n 24\nhoras.<\/p>\n\n\n\n<p><strong><em>VI- Comunicaci\u00f3n a las personas premiadas:<\/em><\/strong><\/p>\n\n\n\n<p>Los premios ser\u00e1n comunicados a\nlas personas ganadoras a trav\u00e9s de la p\u00e1gina del Ayuntamiento de Medio Cudeyo www.<a href=\"http:\/\/www.mediocudeyo.es\">mediocudeyo.es<\/a> y difundido a trav\u00e9s de las\nredes sociales del ayuntamiento (Facebook, Instagram y twitter)<\/p>\n\n\n\n<p><strong><em>VII- Disfrute de los premios:<\/em><\/strong><\/p>\n\n\n\n<p>Se deber\u00e1n disfrutar en el a\u00f1o\nnatural 2020.<\/p>\n\n\n\n<p><strong><em>VIII-Aceptaci\u00f3n de las bases:<\/em><\/strong><\/p>\n\n\n\n<p>El mero hecho de inscribirse en\nel concurso supone la total aceptaci\u00f3n de estas bases y de los t\u00e9rminos y\ncondiciones. El participante declara que las creaciones que presenta a concurso\ncumplen estrictamente los requisitos se\u00f1alados en estas bases.<\/p>\n","protected":false},"excerpt":{"rendered":"<p>El Ayuntamiento de Medio Cudeyo convoca el II Certamen de micropoemas\/haik\u00fas y microrrelatos \u00abAna M\u00aa Cagigal\u00bb con el fin de fomentar la creaci\u00f3n po\u00e9tica, contribuir a la difusi\u00f3n de la [&hellip;]<\/p>\n","protected":false},"author":4,"featured_media":0,"comment_status":"closed","ping_status":"closed","sticky":false,"template":"","format":"standard","meta":{"footnotes":""},"categories":[59],"tags":[335,106,336,68,273],"class_list":["post-7747","post","type-post","status-publish","format-standard","hentry","category-cultura","tag-certamen","tag-concurso","tag-dia-internacional-de-la-mujer","tag-igualdad","tag-poesia"],"_links":{"self":[{"href":"https:\/\/mediocudeyo.es\/web\/wp-json\/wp\/v2\/posts\/7747"}],"collection":[{"href":"https:\/\/mediocudeyo.es\/web\/wp-json\/wp\/v2\/posts"}],"about":[{"href":"https:\/\/mediocudeyo.es\/web\/wp-json\/wp\/v2\/types\/post"}],"author":[{"embeddable":true,"href":"https:\/\/mediocudeyo.es\/web\/wp-json\/wp\/v2\/users\/4"}],"replies":[{"embeddable":true,"href":"https:\/\/mediocudeyo.es\/web\/wp-json\/wp\/v2\/comments?post=7747"}],"version-history":[{"count":0,"href":"https:\/\/mediocudeyo.es\/web\/wp-json\/wp\/v2\/posts\/7747\/revisions"}],"wp:attachment":[{"href":"https:\/\/mediocudeyo.es\/web\/wp-json\/wp\/v2\/media?parent=7747"}],"wp:term":[{"taxonomy":"category","embeddable":true,"href":"https:\/\/mediocudeyo.es\/web\/wp-json\/wp\/v2\/categories?post=7747"},{"taxonomy":"post_tag","embeddable":true,"href":"https:\/\/mediocudeyo.es\/web\/wp-json\/wp\/v2\/tags?post=7747"}],"curies":[{"name":"wp","href":"https:\/\/api.w.org\/{rel}","templated":true}]}}