{"id":7797,"date":"2020-02-19T17:31:33","date_gmt":"2020-02-19T16:31:33","guid":{"rendered":"http:\/\/mediocudeyo.es\/web\/?p=7797"},"modified":"2020-02-19T17:31:33","modified_gmt":"2020-02-19T16:31:33","slug":"listado-de-admitidos-semana-de-invierno","status":"publish","type":"post","link":"https:\/\/mediocudeyo.es\/web\/listado-de-admitidos-semana-de-invierno\/","title":{"rendered":"LISTADO DE ADMITIDOS SEMANA DE INVIERNO"},"content":{"rendered":"\n<p>\nAdmitidos en el programa de conciliaci\u00f3n Semana de Invierno, del 24 al 28 de febrero en el CEIP Marqu\u00e9s de Valdecilla:\n\n<\/p>\n\n\n\n<figure class=\"wp-block-image\"><img decoding=\"async\" src=\"http:\/\/mediocudeyo.es\/web\/wp-content\/uploads\/2020\/02\/Semana-de-invierno-2020-1-724x1024-1-724x1024.jpg\" alt=\"\" class=\"wp-image-7798\"\/><\/figure>\n\n\n\n<p><\/p>\n\n\n\n<p>Arenales Sainz, \u00c1ngel<\/p>\n\n\n\n<p>Arenales Sainz, Bruno<\/p>\n\n\n\n<p>Barquinero Lav\u00edn, Mar\u00eda<\/p>\n\n\n\n<p>Bear Bl\u00e1zquez, Claudia<\/p>\n\n\n\n<p>Caballero Duarte, Andr\u00e9s Imanol<\/p>\n\n\n\n<p>Cobo Fonfr\u00eda, Marcos<\/p>\n\n\n\n<p>Cobo Guti\u00e9rrez, Irene<\/p>\n\n\n\n<p>Cobo Guti\u00e9rrez, Paula<\/p>\n\n\n\n<p>Del Olmo Herrero, Bruno<\/p>\n\n\n\n<p>Echevarr\u00eda Lav\u00edn, Dylan<\/p>\n\n\n\n<p>Fern\u00e1ndez Fern\u00e1ndez, Martina<\/p>\n\n\n\n<p>Fern\u00e1ndez Mollinedo, Luc\u00eda<\/p>\n\n\n\n<p>Fern\u00e1ndez Saiz, Daniel<\/p>\n\n\n\n<p>Figuero Mier, Jimena<\/p>\n\n\n\n<p>Figuero Mier, Sa\u00fal<\/p>\n\n\n\n<p>Figuero Mier. Claudia<\/p>\n\n\n\n<p>Garc\u00eda Collantes, Lucas<\/p>\n\n\n\n<p>Garc\u00eda Collantes, Mateo<\/p>\n\n\n\n<p>Garc\u00eda Flores, Romina Mar\u00eda<\/p>\n\n\n\n<p>Garcia Olavarrieta, Paula<\/p>\n\n\n\n<p>G\u00f3mez G\u00f3mez, Sara<\/p>\n\n\n\n<p>Gonz\u00e1lez Ituarte, Marco<\/p>\n\n\n\n<p>Lav\u00edn L\u00f3pez, \u00c1lvaro<\/p>\n\n\n\n<p>Martinez Fern\u00e1ndez, Alejandra<\/p>\n\n\n\n<p>Martinez Fern\u00e1ndez, Silvia<\/p>\n\n\n\n<p>Mart\u00ednez Salm\u00f3n, Daniela<\/p>\n\n\n\n<p>Olivares P\u00e9rez, Mart\u00edn<\/p>\n\n\n\n<p>Ortiz Castanedo, Alba<\/p>\n\n\n\n<p>Ortiz Castanedo, Alejandra<\/p>\n\n\n\n<p>P\u00e9rez Ter\u00e1n, Santiago<\/p>\n\n\n\n<p>Pi\u00f1al Herranz, Alejandro<\/p>\n\n\n\n<p>Pi\u00f1al Herranz, \u00c9ric<\/p>\n\n\n\n<p>Pla Lav\u00edn, Mario<\/p>\n\n\n\n<p>Rebrov Rebrova, V\u00edctor<\/p>\n\n\n\n<p>Rodr\u00edguez Ch\u00e1vez, Nicol\u00e1s<\/p>\n\n\n\n<p>Rozas Fern\u00e1ndez, Jimena<\/p>\n\n\n\n<p>Saavedra Diaz, Irene<\/p>\n\n\n\n<p>Saavedra Diaz, Julia<\/p>\n\n\n\n<p>Saavedra Diaz, Miranda<\/p>\n\n\n\n<p>Saiz Bogajo, Ana<\/p>\n\n\n\n<p>Valle Echevarr\u00eda, Nicol\u00e1s<\/p>\n\n\n\n<p>Villanueva Lavin, Sof\u00eda<\/p>\n\n\n\n<p><\/p>\n\n\n\n<p><\/p>\n","protected":false},"excerpt":{"rendered":"<p>Admitidos en el programa de conciliaci\u00f3n Semana de Invierno, del 24 al 28 de febrero en el CEIP Marqu\u00e9s de Valdecilla: Arenales Sainz, \u00c1ngel Arenales Sainz, Bruno Barquinero Lav\u00edn, Mar\u00eda [&hellip;]<\/p>\n","protected":false},"author":4,"featured_media":0,"comment_status":"closed","ping_status":"closed","sticky":false,"template":"","format":"standard","meta":{"footnotes":""},"categories":[59],"tags":[109,60,330],"class_list":["post-7797","post","type-post","status-publish","format-standard","hentry","category-cultura","tag-conciliacion","tag-medio-cudeyo","tag-semana-de-invierno"],"_links":{"self":[{"href":"https:\/\/mediocudeyo.es\/web\/wp-json\/wp\/v2\/posts\/7797"}],"collection":[{"href":"https:\/\/mediocudeyo.es\/web\/wp-json\/wp\/v2\/posts"}],"about":[{"href":"https:\/\/mediocudeyo.es\/web\/wp-json\/wp\/v2\/types\/post"}],"author":[{"embeddable":true,"href":"https:\/\/mediocudeyo.es\/web\/wp-json\/wp\/v2\/users\/4"}],"replies":[{"embeddable":true,"href":"https:\/\/mediocudeyo.es\/web\/wp-json\/wp\/v2\/comments?post=7797"}],"version-history":[{"count":0,"href":"https:\/\/mediocudeyo.es\/web\/wp-json\/wp\/v2\/posts\/7797\/revisions"}],"wp:attachment":[{"href":"https:\/\/mediocudeyo.es\/web\/wp-json\/wp\/v2\/media?parent=7797"}],"wp:term":[{"taxonomy":"category","embeddable":true,"href":"https:\/\/mediocudeyo.es\/web\/wp-json\/wp\/v2\/categories?post=7797"},{"taxonomy":"post_tag","embeddable":true,"href":"https:\/\/mediocudeyo.es\/web\/wp-json\/wp\/v2\/tags?post=7797"}],"curies":[{"name":"wp","href":"https:\/\/api.w.org\/{rel}","templated":true}]}}