{"id":7801,"date":"2020-02-20T09:20:24","date_gmt":"2020-02-20T08:20:24","guid":{"rendered":"http:\/\/mediocudeyo.es\/web\/?p=7801"},"modified":"2020-02-20T09:20:24","modified_gmt":"2020-02-20T08:20:24","slug":"aleluya-compania-marta-casas","status":"publish","type":"post","link":"https:\/\/mediocudeyo.es\/web\/aleluya-compania-marta-casas\/","title":{"rendered":"\u00abALELUYA\u00bb COMPA\u00d1\u00cdA MARTA CASAS"},"content":{"rendered":"\n<figure class=\"wp-block-image\"><img decoding=\"async\" src=\"http:\/\/mediocudeyo.es\/web\/wp-content\/uploads\/2020\/02\/FusionARTE-2020.-28-de-febrero-JPG-724x1024.jpg\" alt=\"\" class=\"wp-image-7802\"\/><\/figure>\n\n\n\n<p>Estas monjas tienen mucha marcha pero necesitan ayuda para que sus canciones suenen bien y buscan una ayuda muy especial.<br>Este espect\u00e1culo bajo la direcci\u00f3n de Marta Casas, quien en esta ocasi\u00f3n protagoniza la obra,<br>est\u00e1 lleno de energ\u00eda, buen rollo y mucho baile.<\/p>\n\n\n\n<p>A las 19:30 h. se servir\u00e1 un caf\u00e9 de bienvenida al Ciclo Fus\u00f3nArte por gentileza de Caf\u00e9 Dromedario y Pastas M\u00aa Luisa.<\/p>\n\n\n\n<!--more-->\n\n\n\n<p>Entradas disponibles y servicio de reserva para todos los espect\u00e1culos del ciclo en el P.I.M. del Centro Cultural Ram\u00f3n Pelayo (Solares), tel. 942522685.<br>Precio:3\u20ac<br>Las entradas reservadas permanecer\u00e1n activas hasta quince minutos antes del inicio del espect\u00e1culo, tras ese tiempo estar\u00e1n de nuevo disponibles al p\u00fablico.<br>Transcurridos cinco minutos del inicio del espect\u00e1culo, no se podr\u00e1 acceder a la sala.<br>Est\u00e1 restringido el consumo de comidas y bebidas en el interior, para ello existe una zona habilitada en el Hall exterior.<br>Apertura de taquilla 1 h. antes del espect\u00e1culo, apertura de puertas 1\/2 h. antes del espect\u00e1culo.<\/p>\n\n\n\n<figure class=\"wp-block-embed-youtube wp-block-embed is-type-video is-provider-youtube wp-embed-aspect-16-9 wp-has-aspect-ratio\"><div class=\"wp-block-embed__wrapper\">\n<iframe title=\"Show Aleluya de Dancedayschool\" width=\"500\" height=\"281\" src=\"https:\/\/www.youtube.com\/embed\/WZm2ax0vmTQ?feature=oembed\" frameborder=\"0\" allow=\"accelerometer; autoplay; clipboard-write; encrypted-media; gyroscope; picture-in-picture; web-share\" referrerpolicy=\"strict-origin-when-cross-origin\" allowfullscreen><\/iframe>\n<\/div><\/figure>\n","protected":false},"excerpt":{"rendered":"<p>Estas monjas tienen mucha marcha pero necesitan ayuda para que sus canciones suenen bien y buscan una ayuda muy especial.Este espect\u00e1culo bajo la direcci\u00f3n de Marta Casas, quien en esta [&hellip;]<\/p>\n","protected":false},"author":4,"featured_media":0,"comment_status":"closed","ping_status":"closed","sticky":false,"template":"","format":"standard","meta":{"footnotes":""},"categories":[59],"tags":[93,58,146,82,317],"class_list":["post-7801","post","type-post","status-publish","format-standard","hentry","category-cultura","tag-baile","tag-centro-cultural-ramon-pelayo","tag-danza","tag-fusionarte","tag-musical"],"_links":{"self":[{"href":"https:\/\/mediocudeyo.es\/web\/wp-json\/wp\/v2\/posts\/7801"}],"collection":[{"href":"https:\/\/mediocudeyo.es\/web\/wp-json\/wp\/v2\/posts"}],"about":[{"href":"https:\/\/mediocudeyo.es\/web\/wp-json\/wp\/v2\/types\/post"}],"author":[{"embeddable":true,"href":"https:\/\/mediocudeyo.es\/web\/wp-json\/wp\/v2\/users\/4"}],"replies":[{"embeddable":true,"href":"https:\/\/mediocudeyo.es\/web\/wp-json\/wp\/v2\/comments?post=7801"}],"version-history":[{"count":0,"href":"https:\/\/mediocudeyo.es\/web\/wp-json\/wp\/v2\/posts\/7801\/revisions"}],"wp:attachment":[{"href":"https:\/\/mediocudeyo.es\/web\/wp-json\/wp\/v2\/media?parent=7801"}],"wp:term":[{"taxonomy":"category","embeddable":true,"href":"https:\/\/mediocudeyo.es\/web\/wp-json\/wp\/v2\/categories?post=7801"},{"taxonomy":"post_tag","embeddable":true,"href":"https:\/\/mediocudeyo.es\/web\/wp-json\/wp\/v2\/tags?post=7801"}],"curies":[{"name":"wp","href":"https:\/\/api.w.org\/{rel}","templated":true}]}}