{"id":7867,"date":"2020-03-02T12:27:20","date_gmt":"2020-03-02T11:27:20","guid":{"rendered":"http:\/\/mediocudeyo.es\/web\/?p=7867"},"modified":"2020-03-02T12:27:20","modified_gmt":"2020-03-02T11:27:20","slug":"las-aventuras-de-la-intrepida-valentina","status":"publish","type":"post","link":"https:\/\/mediocudeyo.es\/web\/las-aventuras-de-la-intrepida-valentina\/","title":{"rendered":"LAS AVENTURAS DE LA INTR\u00c9PIDA VALENTINA"},"content":{"rendered":"\n<figure class=\"wp-block-image\"><img decoding=\"async\" src=\"http:\/\/mediocudeyo.es\/web\/wp-content\/uploads\/2020\/03\/FusionARTE-2020.-8-de-marzo-JPG-724x1024.jpg\" alt=\"\" class=\"wp-image-7868\"\/><\/figure>\n\n\n\n<p>En una tranquila ciudad cercana al Valle Tenebroso vive Valentina, una joven inquieta, traviesa y decicida. No soporta que le digan que hay cosas que no puede hacer porque \u00abno son cosas de chicas\u00bb y no para de meterse en l\u00edos.<\/p>\n\n\n\n<p>Aventuras y humor. T\u00edteres, actores y muchas cosas m\u00e1s para indagar sobre el origen, sentido y persistencia de la discriminaci\u00f3n de g\u00e9nero.<\/p>\n\n\n\n<!--more-->\n\n\n\n<p>Entradas disponibles y servicio de reserva para todos los espect\u00e1culos del ciclo en el P.I.M. del Centro Cultural Ram\u00f3n Pelayo (Solares), tel. 942522685.<br>Precio: Donativo libre a favor de MUJOCA.<br>Las entradas reservadas permanecer\u00e1n activas hasta quince minutos antes del inicio del espect\u00e1culo, tras ese tiempo estar\u00e1n de nuevo disponibles al p\u00fablico.<br>Transcurridos cinco minutos del inicio del espect\u00e1culo, no se podr\u00e1 acceder a la sala.<br>Est\u00e1 restringido el consumo de comidas y bebidas en el interior, para ello existe una zona habilitada en el Hall exterior.<br>Apertura de taquilla 1 h. antes del espect\u00e1culo, apertura de puertas 1\/2 h. antes del espect\u00e1culo. <\/p>\n","protected":false},"excerpt":{"rendered":"<p>En una tranquila ciudad cercana al Valle Tenebroso vive Valentina, una joven inquieta, traviesa y decicida. No soporta que le digan que hay cosas que no puede hacer porque \u00abno [&hellip;]<\/p>\n","protected":false},"author":4,"featured_media":0,"comment_status":"closed","ping_status":"closed","sticky":false,"template":"","format":"standard","meta":{"footnotes":""},"categories":[59],"tags":[58,336,192,82,338,64],"class_list":["post-7867","post","type-post","status-publish","format-standard","hentry","category-cultura","tag-centro-cultural-ramon-pelayo","tag-dia-internacional-de-la-mujer","tag-familiar","tag-fusionarte","tag-igualdad-de-genero","tag-infantil"],"_links":{"self":[{"href":"https:\/\/mediocudeyo.es\/web\/wp-json\/wp\/v2\/posts\/7867"}],"collection":[{"href":"https:\/\/mediocudeyo.es\/web\/wp-json\/wp\/v2\/posts"}],"about":[{"href":"https:\/\/mediocudeyo.es\/web\/wp-json\/wp\/v2\/types\/post"}],"author":[{"embeddable":true,"href":"https:\/\/mediocudeyo.es\/web\/wp-json\/wp\/v2\/users\/4"}],"replies":[{"embeddable":true,"href":"https:\/\/mediocudeyo.es\/web\/wp-json\/wp\/v2\/comments?post=7867"}],"version-history":[{"count":0,"href":"https:\/\/mediocudeyo.es\/web\/wp-json\/wp\/v2\/posts\/7867\/revisions"}],"wp:attachment":[{"href":"https:\/\/mediocudeyo.es\/web\/wp-json\/wp\/v2\/media?parent=7867"}],"wp:term":[{"taxonomy":"category","embeddable":true,"href":"https:\/\/mediocudeyo.es\/web\/wp-json\/wp\/v2\/categories?post=7867"},{"taxonomy":"post_tag","embeddable":true,"href":"https:\/\/mediocudeyo.es\/web\/wp-json\/wp\/v2\/tags?post=7867"}],"curies":[{"name":"wp","href":"https:\/\/api.w.org\/{rel}","templated":true}]}}