{"id":7892,"date":"2020-03-04T13:33:31","date_gmt":"2020-03-04T12:33:31","guid":{"rendered":"http:\/\/mediocudeyo.es\/web\/?p=7892"},"modified":"2020-03-04T13:33:31","modified_gmt":"2020-03-04T12:33:31","slug":"teatro-mujeres-de-carne-y-verso","status":"publish","type":"post","link":"https:\/\/mediocudeyo.es\/web\/teatro-mujeres-de-carne-y-verso\/","title":{"rendered":"TEATRO: MUJERES DE CARNE Y VERSO"},"content":{"rendered":"\n<figure class=\"wp-block-image\"><img decoding=\"async\" src=\"http:\/\/mediocudeyo.es\/web\/wp-content\/uploads\/2020\/03\/FusionARTE-2020.-13-de-marzo-JPG-724x1024.jpg\" alt=\"\" class=\"wp-image-7893\"\/><\/figure>\n\n\n\n<p>Un apasionante recorrido por los textos escritos por mujeres en castellano, interpretados por tres de las mejores actrices, bailarinas y cantautoras de Cantabria: Mar\u00eda Vidal, Menhai y Rebeca G. Cedr\u00e1n.<\/p>\n\n\n\n<p>La voz de las grandes artistas olvidadas desde las sin sombrero hasta las m\u00e1s j\u00f3venes creadoras de Espa\u00f1a y Latinbo Am\u00e9rica, pasando por las poetas de Cantabria.<\/p>\n\n\n\n<!--more-->\n\n\n\n<p> Entradas disponibles y servicio de reserva para todos los espect\u00e1culos del ciclo en el P.I.M. del Centro Cultural Ram\u00f3n Pelayo (Solares), tel. 942522685.<br>Precio: Donativo libre a favor de la Comisi\u00f3n 8 de marzo.<\/p>\n\n\n\n<p><br>Las entradas reservadas permanecer\u00e1n activas hasta quince minutos antes del inicio del espect\u00e1culo, tras ese tiempo estar\u00e1n de nuevo disponibles al p\u00fablico.<br>Transcurridos cinco minutos del inicio del espect\u00e1culo, no se podr\u00e1 acceder a la sala.<\/p>\n\n\n\n<p>Est\u00e1 restringido el consumo de comidas y bebidas en el interior, para ello existe una zona habilitada en el Hall exterior.<br>Apertura de taquilla 1 h. antes del espect\u00e1culo, apertura de puertas 1\/2 h. antes del espect\u00e1culo. <\/p>\n","protected":false},"excerpt":{"rendered":"<p>Un apasionante recorrido por los textos escritos por mujeres en castellano, interpretados por tres de las mejores actrices, bailarinas y cantautoras de Cantabria: Mar\u00eda Vidal, Menhai y Rebeca G. Cedr\u00e1n. [&hellip;]<\/p>\n","protected":false},"author":4,"featured_media":0,"comment_status":"closed","ping_status":"closed","sticky":false,"template":"","format":"standard","meta":{"footnotes":""},"categories":[59],"tags":[340,336,82,83],"class_list":["post-7892","post","type-post","status-publish","format-standard","hentry","category-cultura","tag-centro-culttural","tag-dia-internacional-de-la-mujer","tag-fusionarte","tag-teatro"],"_links":{"self":[{"href":"https:\/\/mediocudeyo.es\/web\/wp-json\/wp\/v2\/posts\/7892"}],"collection":[{"href":"https:\/\/mediocudeyo.es\/web\/wp-json\/wp\/v2\/posts"}],"about":[{"href":"https:\/\/mediocudeyo.es\/web\/wp-json\/wp\/v2\/types\/post"}],"author":[{"embeddable":true,"href":"https:\/\/mediocudeyo.es\/web\/wp-json\/wp\/v2\/users\/4"}],"replies":[{"embeddable":true,"href":"https:\/\/mediocudeyo.es\/web\/wp-json\/wp\/v2\/comments?post=7892"}],"version-history":[{"count":0,"href":"https:\/\/mediocudeyo.es\/web\/wp-json\/wp\/v2\/posts\/7892\/revisions"}],"wp:attachment":[{"href":"https:\/\/mediocudeyo.es\/web\/wp-json\/wp\/v2\/media?parent=7892"}],"wp:term":[{"taxonomy":"category","embeddable":true,"href":"https:\/\/mediocudeyo.es\/web\/wp-json\/wp\/v2\/categories?post=7892"},{"taxonomy":"post_tag","embeddable":true,"href":"https:\/\/mediocudeyo.es\/web\/wp-json\/wp\/v2\/tags?post=7892"}],"curies":[{"name":"wp","href":"https:\/\/api.w.org\/{rel}","templated":true}]}}