{"id":8006,"date":"2020-03-20T11:49:43","date_gmt":"2020-03-20T10:49:43","guid":{"rendered":"http:\/\/mediocudeyo.es\/web\/?p=8006"},"modified":"2020-03-20T11:49:43","modified_gmt":"2020-03-20T10:49:43","slug":"todo-saldra-bien","status":"publish","type":"post","link":"https:\/\/mediocudeyo.es\/web\/todo-saldra-bien\/","title":{"rendered":"TODO SALDR\u00c1 BIEN"},"content":{"rendered":"\n<figure class=\"wp-block-image\"><img decoding=\"async\" src=\"http:\/\/mediocudeyo.es\/web\/wp-content\/uploads\/2020\/03\/todo-saldr\u00e1-bien.jpg\" alt=\"\" class=\"wp-image-8007\"\/><\/figure>\n\n\n\n<p>La Concejal\u00eda de Cultura, Educaci\u00f3n, Infancia y Juventud informa:<\/p>\n\n\n\n<p>\n El equipo del Centro Cultural Ram\u00f3n Pelayo hemos dedicado estos d\u00edas a \norganizarnos y a organizar los recursos que disponemos para poder seguir\n conectad@s, a pesar de la distancia.<\/p>\n\n\n\n<p> Nuestro objetivo es \naprovechar las oportunidades que nos ofrece la tecnolog\u00eda para reforzar \nnuestras redes sociales con contenidos culturales, que incluyan una \namplia oferta en literatura, cine, teatro, m\u00fasica, exposiciones, ciencia, \u2026 dirigida a todas las edades y para todos los gustos.<\/p>\n\n\n\n<p>\n De esta crisis est\u00e1n surgiendo numerosas iniciativas llenas de \ncreatividad y solidaridad, iniciativas que fomentan la participaci\u00f3n y \nla interacci\u00f3n, que nos hacen sentir la cercan\u00eda de l @s dem\u00e1s, que nos \nunen en torno a propuestas e intereses. Nuestro deseo es facilitaros el \nacceso a estas iniciativas y generar otras, que nos ayuden en este \ntiempo de confinamiento.<\/p>\n\n\n\n<p> Gracias por seguir con nosotr@s, por difundir, por participar, por colaborar &#x1f603;<\/p>\n\n\n\n<p> &#x2757;&#xfe0f;Si quer\u00e9is poneros en contacto con nosotr@s pod\u00e9is hacerlo en los siguientes correos;<br> -concejal\u00edacultura@mediocudeyo.es<br> -centrocultural@mediocudeyo.es<\/p>\n\n\n\n<p> &#x26a0;&#xfe0f;&#x26a0;&#xfe0f;Aprovecharemos\n tambi\u00e9n para informaros de las medidas y recomendaciones oficiales que \nnos hagan llegar para frenar esta pandemia. \u00a1Lo conseguiremos!<br> Recuerda  tod@s somos responsables; tod@s podemos contribuir:<br> &#x27a1;&#xfe0f;Evita\n salir de casa salvo que sea imprescindible: servicios sanitarios; \ncomprar alimentos y farmacia; acudir al centro de trabajo.<br> &#x27a1;&#xfe0f;L\u00e1vate las manos con frecuencia.<br> &#x27a1;&#xfe0f;Limita el contacto con otras personas.<br> &#x27a1;&#xfe0f;C\u00fabrete con el codo al toser o estornudar y usa pa\u00f1uelos desechables.<br> &#x27a1;&#xfe0f;No viajes y evita transportes p\u00fablicos siempre que sea posible.<br> &#x27a1;&#xfe0f;No compartas cubiertos, comida, ni objetos de higiene personal.<br> &#x27a1;&#xfe0f;Evita tocarte la cara.<br> &#x27a1;&#xfe0f;Ventila a diario.<br> &#x27a1;&#xfe0f;Si\n tienes s\u00edntomas de catarro, permanece en tu domicilio y llama al 900 \n612 112. No acudas a los centros sanitarios salvo que te lo indiquen.<\/p>\n\n\n\n<p> &#x1f308;TODO SALDR\u00c1 BIEN. <\/p>\n","protected":false},"excerpt":{"rendered":"<p>La Concejal\u00eda de Cultura, Educaci\u00f3n, Infancia y Juventud informa: El equipo del Centro Cultural Ram\u00f3n Pelayo hemos dedicado estos d\u00edas a organizarnos y a organizar los recursos que disponemos para [&hellip;]<\/p>\n","protected":false},"author":4,"featured_media":0,"comment_status":"closed","ping_status":"closed","sticky":false,"template":"","format":"standard","meta":{"footnotes":""},"categories":[59],"tags":[292,293,294,238,295,296,297,348],"class_list":["post-8006","post","type-post","status-publish","format-standard","hentry","category-cultura","tag-coronavirus","tag-covid19","tag-cuarentena","tag-cultura","tag-mediocudeyo","tag-pandemia","tag-quedateencasa","tag-todosaldrabien"],"_links":{"self":[{"href":"https:\/\/mediocudeyo.es\/web\/wp-json\/wp\/v2\/posts\/8006"}],"collection":[{"href":"https:\/\/mediocudeyo.es\/web\/wp-json\/wp\/v2\/posts"}],"about":[{"href":"https:\/\/mediocudeyo.es\/web\/wp-json\/wp\/v2\/types\/post"}],"author":[{"embeddable":true,"href":"https:\/\/mediocudeyo.es\/web\/wp-json\/wp\/v2\/users\/4"}],"replies":[{"embeddable":true,"href":"https:\/\/mediocudeyo.es\/web\/wp-json\/wp\/v2\/comments?post=8006"}],"version-history":[{"count":0,"href":"https:\/\/mediocudeyo.es\/web\/wp-json\/wp\/v2\/posts\/8006\/revisions"}],"wp:attachment":[{"href":"https:\/\/mediocudeyo.es\/web\/wp-json\/wp\/v2\/media?parent=8006"}],"wp:term":[{"taxonomy":"category","embeddable":true,"href":"https:\/\/mediocudeyo.es\/web\/wp-json\/wp\/v2\/categories?post=8006"},{"taxonomy":"post_tag","embeddable":true,"href":"https:\/\/mediocudeyo.es\/web\/wp-json\/wp\/v2\/tags?post=8006"}],"curies":[{"name":"wp","href":"https:\/\/api.w.org\/{rel}","templated":true}]}}