{"id":8011,"date":"2020-03-20T12:05:26","date_gmt":"2020-03-20T11:05:26","guid":{"rendered":"http:\/\/mediocudeyo.es\/web\/?p=8011"},"modified":"2020-03-20T12:05:26","modified_gmt":"2020-03-20T11:05:26","slug":"concurso-en-facebook-e-instagram","status":"publish","type":"post","link":"https:\/\/mediocudeyo.es\/web\/concurso-en-facebook-e-instagram\/","title":{"rendered":"CONCURSO EN FACEBOOK E INSTAGRAM"},"content":{"rendered":"\n<figure class=\"wp-block-image\"><img decoding=\"async\" src=\"http:\/\/mediocudeyo.es\/web\/wp-content\/uploads\/2020\/03\/coronavirus-libr.jpg\" alt=\"\" class=\"wp-image-8012\"\/><\/figure>\n\n\n\n<p>Queridas familias, sabemos que\nestos d\u00edas se hacen m\u00e1s largos y queremos haceros una propuesta para que pas\u00e9is\nun rato entretenidos.<\/p>\n\n\n\n<p>\u00bfConoc\u00e9is el cuento \u00a1HOLA SOY EL\nCORONAVIRUS!? Manuela Molina de mindheart.kids\nha escrito este libro corto para ni\u00f1os entre los 2 y los 7 a\u00f1os con el\nprop\u00f3sito de anticipar y acompa\u00f1ar las emociones infantiles frente al virus #COVID19.\n<\/p>\n\n\n\n<p>Descarga gratis el cuento aqu\u00ed: <a href=\"https:\/\/bit.ly\/2vAnoOx\" target=\"_blank\" rel=\"noreferrer noopener\">https:\/\/bit.ly\/2vAnoOx<\/a><\/p>\n\n\n\n<p>CONCURSO: <\/p>\n\n\n\n<p>Os proponemos un concurso a\ntrav\u00e9s de nuestro facebook <a href=\"https:\/\/www.facebook.com\/mediocudeyocultural\/\" target=\"_blank\" rel=\"noreferrer noopener\">https:\/\/www.facebook.com\/mediocudeyocultural\/<\/a><\/p>\n\n\n\n<p>y nuestro Instagram @mediocudeyooficial<\/p>\n\n\n\n<p>Fotografiad los dibujos de\nvuestros hijos e hijas que surjan de la lectura de este cuento; ser\u00e1 una manera\nde poder expresar sus miedos, preocupaciones, conocer al virus e interiorizar\nh\u00e1bitos para cuidarse.<\/p>\n\n\n\n<p>Despu\u00e9s subid la foto a nuestras\nredes sociales en la publicaci\u00f3n del concurso.<\/p>\n\n\n\n<p>El plazo finaliza cuando termine\nel estado de alarma, os avisaremos.<\/p>\n\n\n\n<p>Entre todos los ni\u00f1os y las ni\u00f1as\nparticipantes realizaremos un sorteo de un \u00e1lbum ilustrado.<\/p>\n","protected":false},"excerpt":{"rendered":"<p>Queridas familias, sabemos que estos d\u00edas se hacen m\u00e1s largos y queremos haceros una propuesta para que pas\u00e9is un rato entretenidos. \u00bfConoc\u00e9is el cuento \u00a1HOLA SOY EL CORONAVIRUS!? Manuela Molina [&hellip;]<\/p>\n","protected":false},"author":4,"featured_media":0,"comment_status":"closed","ping_status":"closed","sticky":false,"template":"","format":"standard","meta":{"footnotes":""},"categories":[59],"tags":[106,292,293,294,238,64,295,296,297],"class_list":["post-8011","post","type-post","status-publish","format-standard","hentry","category-cultura","tag-concurso","tag-coronavirus","tag-covid19","tag-cuarentena","tag-cultura","tag-infantil","tag-mediocudeyo","tag-pandemia","tag-quedateencasa"],"_links":{"self":[{"href":"https:\/\/mediocudeyo.es\/web\/wp-json\/wp\/v2\/posts\/8011"}],"collection":[{"href":"https:\/\/mediocudeyo.es\/web\/wp-json\/wp\/v2\/posts"}],"about":[{"href":"https:\/\/mediocudeyo.es\/web\/wp-json\/wp\/v2\/types\/post"}],"author":[{"embeddable":true,"href":"https:\/\/mediocudeyo.es\/web\/wp-json\/wp\/v2\/users\/4"}],"replies":[{"embeddable":true,"href":"https:\/\/mediocudeyo.es\/web\/wp-json\/wp\/v2\/comments?post=8011"}],"version-history":[{"count":0,"href":"https:\/\/mediocudeyo.es\/web\/wp-json\/wp\/v2\/posts\/8011\/revisions"}],"wp:attachment":[{"href":"https:\/\/mediocudeyo.es\/web\/wp-json\/wp\/v2\/media?parent=8011"}],"wp:term":[{"taxonomy":"category","embeddable":true,"href":"https:\/\/mediocudeyo.es\/web\/wp-json\/wp\/v2\/categories?post=8011"},{"taxonomy":"post_tag","embeddable":true,"href":"https:\/\/mediocudeyo.es\/web\/wp-json\/wp\/v2\/tags?post=8011"}],"curies":[{"name":"wp","href":"https:\/\/api.w.org\/{rel}","templated":true}]}}