{"id":8036,"date":"2020-03-25T10:53:20","date_gmt":"2020-03-25T09:53:20","guid":{"rendered":"http:\/\/mediocudeyo.es\/web\/?p=8036"},"modified":"2020-03-25T10:53:20","modified_gmt":"2020-03-25T09:53:20","slug":"aprendemos-en-casa-clan-tv-y-la-2","status":"publish","type":"post","link":"https:\/\/mediocudeyo.es\/web\/aprendemos-en-casa-clan-tv-y-la-2\/","title":{"rendered":"APRENDEMOS EN CASA CLAN TV Y LA 2"},"content":{"rendered":"\n<figure class=\"wp-block-image\"><img decoding=\"async\" src=\"http:\/\/mediocudeyo.es\/web\/wp-content\/uploads\/2020\/03\/o_119197_29276.jpg\" alt=\"\" class=\"wp-image-8038\"\/><\/figure>\n\n\n\n<p>Desde el pasado lunes, la La2 y\nClan TV han empezado a emitir una programaci\u00f3n especial con clases de distintas\nmaterias para los alumnos de Primaria y Secundaria.<\/p>\n\n\n\n<p>La programaci\u00f3n se ha remodelado\npara ofrecer clases de Matem\u00e1ticas, Ciencias Sociales, Lengua o Idiomas entre\nentre 9 y 14 horas para alumnos de 6 a 16 a\u00f1os.<\/p>\n\n\n\n<p>Aprendemos en casa es el nombre\nde una iniciativa coordinada por el Ministerio de Educaci\u00f3n y Formaci\u00f3n\nProfesional y RTVE para intentar que los alumnos y alumnas que ahora no pueden\nir al colegio no pierdan el ritmo del curso. En particular, est\u00e1 dirigida a\nni\u00f1os y j\u00f3venes en situaci\u00f3n m\u00e1s vulnerable, no tienen ordenador para seguir la\nformaci\u00f3n por Internet o acceso a la Red.<\/p>\n","protected":false},"excerpt":{"rendered":"<p>Desde el pasado lunes, la La2 y Clan TV han empezado a emitir una programaci\u00f3n especial con clases de distintas materias para los alumnos de Primaria y Secundaria. La programaci\u00f3n [&hellip;]<\/p>\n","protected":false},"author":4,"featured_media":0,"comment_status":"closed","ping_status":"closed","sticky":false,"template":"","format":"standard","meta":{"footnotes":""},"categories":[59],"tags":[113,352,292,293,294,99,64,296,297],"class_list":["post-8036","post","type-post","status-publish","format-standard","hentry","category-cultura","tag-juventud","tag-aprendemos-en-casa","tag-coronavirus","tag-covid19","tag-cuarentena","tag-educacion","tag-infantil","tag-pandemia","tag-quedateencasa"],"_links":{"self":[{"href":"https:\/\/mediocudeyo.es\/web\/wp-json\/wp\/v2\/posts\/8036"}],"collection":[{"href":"https:\/\/mediocudeyo.es\/web\/wp-json\/wp\/v2\/posts"}],"about":[{"href":"https:\/\/mediocudeyo.es\/web\/wp-json\/wp\/v2\/types\/post"}],"author":[{"embeddable":true,"href":"https:\/\/mediocudeyo.es\/web\/wp-json\/wp\/v2\/users\/4"}],"replies":[{"embeddable":true,"href":"https:\/\/mediocudeyo.es\/web\/wp-json\/wp\/v2\/comments?post=8036"}],"version-history":[{"count":0,"href":"https:\/\/mediocudeyo.es\/web\/wp-json\/wp\/v2\/posts\/8036\/revisions"}],"wp:attachment":[{"href":"https:\/\/mediocudeyo.es\/web\/wp-json\/wp\/v2\/media?parent=8036"}],"wp:term":[{"taxonomy":"category","embeddable":true,"href":"https:\/\/mediocudeyo.es\/web\/wp-json\/wp\/v2\/categories?post=8036"},{"taxonomy":"post_tag","embeddable":true,"href":"https:\/\/mediocudeyo.es\/web\/wp-json\/wp\/v2\/tags?post=8036"}],"curies":[{"name":"wp","href":"https:\/\/api.w.org\/{rel}","templated":true}]}}