{"id":8114,"date":"2020-05-02T14:04:19","date_gmt":"2020-05-02T13:04:19","guid":{"rendered":"http:\/\/mediocudeyo.es\/web\/?p=8114"},"modified":"2020-05-02T14:04:19","modified_gmt":"2020-05-02T13:04:19","slug":"informacion-relativa-a-la-desescalada-del-estado-de-alarma","status":"publish","type":"post","link":"https:\/\/mediocudeyo.es\/web\/informacion-relativa-a-la-desescalada-del-estado-de-alarma\/","title":{"rendered":"INFORMACI\u00d3N RELATIVA A LA DESESCALADA DEL ESTADO DE ALARMA"},"content":{"rendered":"\n<p> En el marco de la Fase O del Plan para la desescalada de las medidas\n extraordinarias adoptadas para hacer frente a la pandemia de COVID-19, \nel Ministro de Sanidad ha dictado la Orden SND\/380\/2020, por la que se \nestablecen las condiciones en las que las personas de 14 a\u00f1os en \nadelante podr\u00e1n realizar actividad f\u00edsica no profesional al aire libre \ndurante la situaci\u00f3n de crisis sanitaria ocasionada por el COVID-19. \n(BOE N\u00fam. 121, de 1 de mayo). <\/p>\n\n\n\n<p> Dicha orden surtir\u00e1 plenos efectos desde las 00:00 horas del d\u00eda 2 de mayo de 2020.<\/p>\n\n\n\n<p>\n A los efectos de lo previsto en dicha orden, la actividad f\u00edsica \ncomprende tanto la pr\u00e1ctica no profesional de cualquier deporte \nindividual que no requiera contacto con terceros, como la realizaci\u00f3n de\n paseos diarios.<\/p>\n\n\n\n<p> Los paseos se podr\u00e1n realizar acompa\u00f1ado de un  conviviente y  con una distancia no superior a un kil\u00f3metro con respecto  al domicilio (Dicha limitaci\u00f3n de distancia no ser\u00e1 aplicable a la  pr\u00e1ctica no profesional de cualquier deporte individual, estando \u00e9sta  permitida dentro del municipio donde se reside (art\u00edculo 2.4). <\/p>\n\n\n\n<p><\/p>\n\n\n\n<figure class=\"wp-block-image\"><img decoding=\"async\" src=\"http:\/\/mediocudeyo.es\/web\/wp-content\/uploads\/2020\/05\/95125774_1137454039938143_3165983250451529728_n.jpg\" alt=\"\" class=\"wp-image-8116\"\/><\/figure>\n\n\n\n<figure class=\"wp-block-image\"><img decoding=\"async\" src=\"http:\/\/mediocudeyo.es\/web\/wp-content\/uploads\/2020\/05\/95258384_1137454969938050_3009440866562473984_n-1.jpg\" alt=\"\" class=\"wp-image-8119\"\/><\/figure>\n\n\n\n<figure class=\"wp-block-image\"><img decoding=\"async\" src=\"http:\/\/mediocudeyo.es\/web\/wp-content\/uploads\/2020\/05\/95095461_1137455063271374_1126243362492383232_n.jpg\" alt=\"\" class=\"wp-image-8115\"\/><\/figure>\n\n\n\n<p><\/p>\n","protected":false},"excerpt":{"rendered":"<p>En el marco de la Fase O del Plan para la desescalada de las medidas extraordinarias adoptadas para hacer frente a la pandemia de COVID-19, el Ministro de Sanidad ha [&hellip;]<\/p>\n","protected":false},"author":4,"featured_media":0,"comment_status":"closed","ping_status":"closed","sticky":false,"template":"","format":"standard","meta":{"footnotes":""},"categories":[111],"tags":[359,292,293,268,367,60,296,368,297,369],"class_list":["post-8114","post","type-post","status-publish","format-standard","hentry","category-ciudadano","tag-confinamiento","tag-coronavirus","tag-covid19","tag-deporte","tag-desescalada","tag-medio-cudeyo","tag-pandemia","tag-paseos","tag-quedateencasa","tag-salidas-menores-de-14"],"_links":{"self":[{"href":"https:\/\/mediocudeyo.es\/web\/wp-json\/wp\/v2\/posts\/8114"}],"collection":[{"href":"https:\/\/mediocudeyo.es\/web\/wp-json\/wp\/v2\/posts"}],"about":[{"href":"https:\/\/mediocudeyo.es\/web\/wp-json\/wp\/v2\/types\/post"}],"author":[{"embeddable":true,"href":"https:\/\/mediocudeyo.es\/web\/wp-json\/wp\/v2\/users\/4"}],"replies":[{"embeddable":true,"href":"https:\/\/mediocudeyo.es\/web\/wp-json\/wp\/v2\/comments?post=8114"}],"version-history":[{"count":0,"href":"https:\/\/mediocudeyo.es\/web\/wp-json\/wp\/v2\/posts\/8114\/revisions"}],"wp:attachment":[{"href":"https:\/\/mediocudeyo.es\/web\/wp-json\/wp\/v2\/media?parent=8114"}],"wp:term":[{"taxonomy":"category","embeddable":true,"href":"https:\/\/mediocudeyo.es\/web\/wp-json\/wp\/v2\/categories?post=8114"},{"taxonomy":"post_tag","embeddable":true,"href":"https:\/\/mediocudeyo.es\/web\/wp-json\/wp\/v2\/tags?post=8114"}],"curies":[{"name":"wp","href":"https:\/\/api.w.org\/{rel}","templated":true}]}}