{"id":8192,"date":"2020-06-02T10:03:12","date_gmt":"2020-06-02T09:03:12","guid":{"rendered":"http:\/\/mediocudeyo.es\/web\/?p=8192"},"modified":"2020-06-02T10:03:12","modified_gmt":"2020-06-02T09:03:12","slug":"nota-informativa-ciclo-fusionarte-primavera-2020","status":"publish","type":"post","link":"https:\/\/mediocudeyo.es\/web\/nota-informativa-ciclo-fusionarte-primavera-2020\/","title":{"rendered":"NOTA INFORMATIVA CICLO FusionARTE PRIMAVERA 2020"},"content":{"rendered":"\n<figure class=\"wp-block-image\"><img decoding=\"async\" src=\"http:\/\/mediocudeyo.es\/web\/wp-content\/uploads\/2020\/06\/FusionARTE.-5-junio-APLAZADO-724x1024.jpg\" alt=\"\" class=\"wp-image-8193\"\/><\/figure>\n\n\n\n<p>Por los motivos sanitarios conocidos por todos, se aplazan\nlas actuaciones del 5 de junio y 13 de junio del ciclo <strong><em>FusionARTE primavera 2020<\/em><\/strong>\nque ven\u00edamos celebrando antes del inicio del estado de alarma.<\/p>\n\n\n\n<p>Se establecer\u00e1n nuevas fechas&nbsp; en los pr\u00f3ximos meses para todos los eventos\nculturales que se han tenido que suspender.<\/p>\n\n\n\n<p>Aquellas personas que ya hubieran adquirido entradas para\nalguno de las actuaciones, pueden llamar o mandar whatsapp al 942 522 685, o\nescribir a <a href=\"mailto:centrocultural@mediocudeyo.es\">centrocultural@mediocudeyo.es<\/a>\n, y se les indicar\u00e1 c\u00f3mo recuperar el importe de las mismas una vez la atenci\u00f3n\npresencial en el Punto de Informaci\u00f3n Municipal se reanude.<\/p>\n\n\n\n<p>Lamentamos las molestias que puedan causar y agradecemos la comprensi\u00f3n por parte de toda la ciudadan\u00eda.<\/p>\n\n\n\n<figure class=\"wp-block-image\"><img decoding=\"async\" src=\"http:\/\/mediocudeyo.es\/web\/wp-content\/uploads\/2020\/06\/FusionARTE.-13-junio-APLAZADO-724x1024.jpg\" alt=\"\" class=\"wp-image-8194\"\/><\/figure>\n","protected":false},"excerpt":{"rendered":"<p>Por los motivos sanitarios conocidos por todos, se aplazan las actuaciones del 5 de junio y 13 de junio del ciclo FusionARTE primavera 2020 que ven\u00edamos celebrando antes del inicio [&hellip;]<\/p>\n","protected":false},"author":4,"featured_media":0,"comment_status":"closed","ping_status":"closed","sticky":false,"template":"","format":"standard","meta":{"footnotes":""},"categories":[59],"tags":[346,58,367,382,82,60,296],"class_list":["post-8192","post","type-post","status-publish","format-standard","hentry","category-cultura","tag-aplazado","tag-centro-cultural-ramon-pelayo","tag-desescalada","tag-fase2","tag-fusionarte","tag-medio-cudeyo","tag-pandemia"],"_links":{"self":[{"href":"https:\/\/mediocudeyo.es\/web\/wp-json\/wp\/v2\/posts\/8192"}],"collection":[{"href":"https:\/\/mediocudeyo.es\/web\/wp-json\/wp\/v2\/posts"}],"about":[{"href":"https:\/\/mediocudeyo.es\/web\/wp-json\/wp\/v2\/types\/post"}],"author":[{"embeddable":true,"href":"https:\/\/mediocudeyo.es\/web\/wp-json\/wp\/v2\/users\/4"}],"replies":[{"embeddable":true,"href":"https:\/\/mediocudeyo.es\/web\/wp-json\/wp\/v2\/comments?post=8192"}],"version-history":[{"count":0,"href":"https:\/\/mediocudeyo.es\/web\/wp-json\/wp\/v2\/posts\/8192\/revisions"}],"wp:attachment":[{"href":"https:\/\/mediocudeyo.es\/web\/wp-json\/wp\/v2\/media?parent=8192"}],"wp:term":[{"taxonomy":"category","embeddable":true,"href":"https:\/\/mediocudeyo.es\/web\/wp-json\/wp\/v2\/categories?post=8192"},{"taxonomy":"post_tag","embeddable":true,"href":"https:\/\/mediocudeyo.es\/web\/wp-json\/wp\/v2\/tags?post=8192"}],"curies":[{"name":"wp","href":"https:\/\/api.w.org\/{rel}","templated":true}]}}