{"id":8387,"date":"2020-07-14T09:25:02","date_gmt":"2020-07-14T08:25:02","guid":{"rendered":"http:\/\/mediocudeyo.es\/web\/?p=8387"},"modified":"2020-07-14T09:25:02","modified_gmt":"2020-07-14T08:25:02","slug":"revista-talentos-lanzadera-de-empleo-de-medio-cudeyo-2","status":"publish","type":"post","link":"https:\/\/mediocudeyo.es\/web\/revista-talentos-lanzadera-de-empleo-de-medio-cudeyo-2\/","title":{"rendered":"REVISTA \u00abTALENTOS\u00bb LANZADERA DE EMPLEO DE MEDIO CUDEYO"},"content":{"rendered":"\n<p>Las\/os participantes de la Lanzadera de Empleo y Emprendimiento Solidario de Medio Cudeyo, cierran el proyecto, con la publicaci\u00f3n de un folleto grupal \u00a0en el que hacen p\u00fablicos sus perfiles profesionales con el objetivo de hacerse visibles y crear m\u00e1s oportunidades para encontrar empleo. <\/p>\n\n\n\n<figure class=\"wp-block-image\"><img decoding=\"async\" src=\"http:\/\/mediocudeyo.es\/web\/wp-content\/uploads\/2020\/07\/revista-talentos-1024x558.jpg\" alt=\"\" class=\"wp-image-8388\"\/><\/figure>\n\n\n\n<p>La realizaci\u00f3n creativa (ilustraci\u00f3n, dise\u00f1o gr\u00e1fico, maquetaci\u00f3n, y fotograf\u00eda), han corrido a cargo del equipo creativo de la Lanzadera: Bego\u00f1a M\u00e9ndez Fern\u00e1ndez (ilustraci\u00f3n), Sara S\u00e1nchez Becerra (dise\u00f1o gr\u00e1fico y maquetaci\u00f3n) y David Carretero Blake (fotograf\u00eda). <\/p>\n\n\n\n<p><a href=\"http:\/\/mediocudeyo.es\/web\/wp-content\/uploads\/2020\/07\/FOLLETO-GRUPAL-TALENTOS-LEES-MEDIO-CUDEYO.pdf\">Revista \u00abTalentos\u00bb. Lanzadera de Empleo de Medio Cudeyo<\/a><\/p>\n","protected":false},"excerpt":{"rendered":"<p>Las\/os participantes de la Lanzadera de Empleo y Emprendimiento Solidario de Medio Cudeyo, cierran el proyecto, con la publicaci\u00f3n de un folleto grupal \u00a0en el que hacen p\u00fablicos sus perfiles [&hellip;]<\/p>\n","protected":false},"author":9,"featured_media":0,"comment_status":"closed","ping_status":"closed","sticky":false,"template":"","format":"standard","meta":{"footnotes":""},"categories":[33,40],"tags":[103,399],"class_list":["post-8387","post","type-post","status-publish","format-standard","hentry","category-adl","category-empleo","tag-lanzadera-de-empleo","tag-revista-talentos"],"_links":{"self":[{"href":"https:\/\/mediocudeyo.es\/web\/wp-json\/wp\/v2\/posts\/8387"}],"collection":[{"href":"https:\/\/mediocudeyo.es\/web\/wp-json\/wp\/v2\/posts"}],"about":[{"href":"https:\/\/mediocudeyo.es\/web\/wp-json\/wp\/v2\/types\/post"}],"author":[{"embeddable":true,"href":"https:\/\/mediocudeyo.es\/web\/wp-json\/wp\/v2\/users\/9"}],"replies":[{"embeddable":true,"href":"https:\/\/mediocudeyo.es\/web\/wp-json\/wp\/v2\/comments?post=8387"}],"version-history":[{"count":0,"href":"https:\/\/mediocudeyo.es\/web\/wp-json\/wp\/v2\/posts\/8387\/revisions"}],"wp:attachment":[{"href":"https:\/\/mediocudeyo.es\/web\/wp-json\/wp\/v2\/media?parent=8387"}],"wp:term":[{"taxonomy":"category","embeddable":true,"href":"https:\/\/mediocudeyo.es\/web\/wp-json\/wp\/v2\/categories?post=8387"},{"taxonomy":"post_tag","embeddable":true,"href":"https:\/\/mediocudeyo.es\/web\/wp-json\/wp\/v2\/tags?post=8387"}],"curies":[{"name":"wp","href":"https:\/\/api.w.org\/{rel}","templated":true}]}}