{"id":8390,"date":"2020-07-14T10:05:03","date_gmt":"2020-07-14T09:05:03","guid":{"rendered":"http:\/\/mediocudeyo.es\/web\/?p=8390"},"modified":"2020-07-14T10:05:03","modified_gmt":"2020-07-14T09:05:03","slug":"regresa-fusionarte-con-espectaculos-familiares","status":"publish","type":"post","link":"https:\/\/mediocudeyo.es\/web\/regresa-fusionarte-con-espectaculos-familiares\/","title":{"rendered":"Regresa FusionArte con espect\u00e1culos familiares"},"content":{"rendered":"\n<p>Vuelve FusionArte con m\u00e1s ilusi\u00f3n, con m\u00e1s fuerza y con m\u00e1s arte. Tres espect\u00e1culos familiares para los domingos de julio y el  primero de agosto. Ser\u00e1n adem\u00e1s en un marco incomparable como son los  jardines de la <a href=\"https:\/\/www.facebook.com\/fincamuseomarquesdevaldecilla\/?__tn__=K-R&amp;eid=ARCpZGiqjI42LiqvC96NANqpO2sB1aN2DB1MfB_9alhgosWZnc4Sj_3ot0kaCGBh0tKdSTjHuhYFwylT&amp;fref=mentions&amp;__xts__%5B0%5D=68.ARBINAKRXNQ38XWdLtvO-r3acswwQmPVBwgJT0MCpxxTzK-X2IyNPCIfXw7VtSc_f3yw7gdivLp1S6wiyL-vANGQy32tQHK4xJuA8f7zruAbrvYo7WOwX0S-XI3zooZLxmfPvh5OhpmeQbBl2y0My4xqOPzHJRCFtF-b0xJt13pIGUY5MefMFAGG9rRrc5ngF0h0dpFlk9IHzdzfP27DjjTRHusuj6JX0R4YF5RFyPRqAF6AhTGNypt65foiIXgJhzHaTQSsNVxCkTuyvreKWvTIr5eRsT9GDUQM7psxaQCOkpvv_Bn9Gqxpct6duxHiQKOO_TaweUbDi6HC_Fofw_TlSg\">Finca Museo Marqu\u00e9s de Valdecilla<\/a>.<\/p>\n\n\n\n<figure class=\"wp-block-image\"><img decoding=\"async\" src=\"http:\/\/mediocudeyo.es\/web\/wp-content\/uploads\/2020\/07\/FusionARTE.-Actuaciones-infantiles-JPG-724x1024.jpeg\" alt=\"\" class=\"wp-image-8392\"\/><\/figure>\n\n\n\n<p>Comenzamos este domingo 19 con un buen amigo de nuestro municipio, el <a href=\"https:\/\/www.facebook.com\/MagoXuso\/?__tn__=K-R&amp;eid=ARAMZWC7LSlb9shbW7jAkC193ltkNldRqttaptvOSHR6HqJvUJ0jHdPKcLnBaNdgtvc0qw9-MkQ9irRL&amp;fref=mentions&amp;__xts__%5B0%5D=68.ARBINAKRXNQ38XWdLtvO-r3acswwQmPVBwgJT0MCpxxTzK-X2IyNPCIfXw7VtSc_f3yw7gdivLp1S6wiyL-vANGQy32tQHK4xJuA8f7zruAbrvYo7WOwX0S-XI3zooZLxmfPvh5OhpmeQbBl2y0My4xqOPzHJRCFtF-b0xJt13pIGUY5MefMFAGG9rRrc5ngF0h0dpFlk9IHzdzfP27DjjTRHusuj6JX0R4YF5RFyPRqAF6AhTGNypt65foiIXgJhzHaTQSsNVxCkTuyvreKWvTIr5eRsT9GDUQM7psxaQCOkpvv_Bn9Gqxpct6duxHiQKOO_TaweUbDi6HC_Fofw_TlSg\">MAGO XUSO<\/a> y su espect\u00e1culo: \u00abLa magia del cine\u00bb.  Y, por supuesto, contaremos con las medidas de seguridad e higiene necesarias para que pod\u00e1is disfrutar con toda tranquilidad:<\/p>\n\n\n\n<p> &#x2611;&#xfe0f; Aforo limitado<\/p>\n\n\n\n<p> &#x2611;&#xfe0f; Distancia de seguridad entre asientos (las unidades familiares podr\u00e1n sentarse juntas).<\/p>\n\n\n\n<p> &#x2611;&#xfe0f; Entrada obligatoria con mascarillas (habr\u00e1 adem\u00e1s geles desinfectantes en las instalaciones).<\/p>\n\n\n\n<p> &#x2611;&#xfe0f; La entrada se har\u00e1 en orden de llegada, respetando en la cola la distancia de seguridad.<\/p>\n\n\n\n<p> &#x2611;&#xfe0f; La salida ser\u00e1 escalonada.<\/p>\n\n\n\n<p>* La reserva se har\u00e1 s\u00f3lo por tel\u00e9fono o de forma telem\u00e1tica. M\u00e1ximo 8 entradas por persona:<\/p>\n\n\n\n<p> &#x26a0;&#xfe0f;MUY IMPORTANTE:<\/p>\n\n\n\n<p> &#x25b6;&#xfe0f;\n Por control de aforo, al realizar la reserva habr\u00e1 que dar los \nsiguientes datos de todas las personas de la reserva: nombre y \napellidos, DNI, tel\u00e9fono de contacto.<\/p>\n\n\n\n<p> &#x25b6;&#xfe0f;\n Las entradas que se reserven en grupo ser\u00e1n consideras como unidad \nfamiliar, si no se trata de un nucleo familiar la organizaci\u00f3n no se \nresponsabiliza.<\/p>\n\n\n\n<p> &#x25b6;&#xfe0f;  La reserva de entrada spara cada espect\u00e1culo ser\u00e1 semanal, del lunes al viernes previos.<\/p>\n\n\n\n<p> &#x25b6;&#xfe0f;\n En caso de que finalmente no vayan a hacer uso de las entradas, rogamos\n avisen con la m\u00e1xima antelaci\u00f3n posible para que otras personas puedan \ndisfrutar del espect\u00e1culo.<\/p>\n\n\n\n<p> Los espect\u00e1culos son totalmente gratuitos.<\/p>\n\n\n\n<p> &#x260e;&#xfe0f;&#x1f4e7;&#x1f4f1; Reserva de entradas:<\/p>\n\n\n\n<p> Por tel\u00e9fono o whatsapp: 942 522 685<br> Email: centrocultural@mediocudeyo.es<\/p>\n","protected":false},"excerpt":{"rendered":"<p>Vuelve FusionArte con m\u00e1s ilusi\u00f3n, con m\u00e1s fuerza y con m\u00e1s arte. Tres espect\u00e1culos familiares para los domingos de julio y el primero de agosto. Ser\u00e1n adem\u00e1s en un marco [&hellip;]<\/p>\n","protected":false},"author":4,"featured_media":0,"comment_status":"closed","ping_status":"closed","sticky":false,"template":"","format":"standard","meta":{"footnotes":""},"categories":[59,48],"tags":[238,400,401,82,64],"class_list":["post-8390","post","type-post","status-publish","format-standard","hentry","category-cultura","category-infantil","tag-cultura","tag-espectaculos","tag-familias","tag-fusionarte","tag-infantil"],"_links":{"self":[{"href":"https:\/\/mediocudeyo.es\/web\/wp-json\/wp\/v2\/posts\/8390"}],"collection":[{"href":"https:\/\/mediocudeyo.es\/web\/wp-json\/wp\/v2\/posts"}],"about":[{"href":"https:\/\/mediocudeyo.es\/web\/wp-json\/wp\/v2\/types\/post"}],"author":[{"embeddable":true,"href":"https:\/\/mediocudeyo.es\/web\/wp-json\/wp\/v2\/users\/4"}],"replies":[{"embeddable":true,"href":"https:\/\/mediocudeyo.es\/web\/wp-json\/wp\/v2\/comments?post=8390"}],"version-history":[{"count":0,"href":"https:\/\/mediocudeyo.es\/web\/wp-json\/wp\/v2\/posts\/8390\/revisions"}],"wp:attachment":[{"href":"https:\/\/mediocudeyo.es\/web\/wp-json\/wp\/v2\/media?parent=8390"}],"wp:term":[{"taxonomy":"category","embeddable":true,"href":"https:\/\/mediocudeyo.es\/web\/wp-json\/wp\/v2\/categories?post=8390"},{"taxonomy":"post_tag","embeddable":true,"href":"https:\/\/mediocudeyo.es\/web\/wp-json\/wp\/v2\/tags?post=8390"}],"curies":[{"name":"wp","href":"https:\/\/api.w.org\/{rel}","templated":true}]}}