{"id":8412,"date":"2020-07-24T07:54:05","date_gmt":"2020-07-24T06:54:05","guid":{"rendered":"http:\/\/mediocudeyo.es\/web\/?p=8412"},"modified":"2020-07-24T07:54:05","modified_gmt":"2020-07-24T06:54:05","slug":"el-martes-28-de-julio-festividad-del-dia-de-las-instituciones-de-cantabria-el-centro-cultural-ramon-pelayo-permanecera-cerrado","status":"publish","type":"post","link":"https:\/\/mediocudeyo.es\/web\/el-martes-28-de-julio-festividad-del-dia-de-las-instituciones-de-cantabria-el-centro-cultural-ramon-pelayo-permanecera-cerrado\/","title":{"rendered":"EL MARTES 28 DE JULIO, FESTIVIDAD DEL D\u00cdA DE LAS INSTITUCIONES DE CANTABRIA, EL CENTRO CULTURAL RAM\u00d3N PELAYO PERMANECER\u00c1 CERRADO"},"content":{"rendered":"\n<figure class=\"wp-block-image\"><img decoding=\"async\" src=\"http:\/\/mediocudeyo.es\/web\/wp-content\/uploads\/2019\/10\/cerrado.jpg\" alt=\"\" class=\"wp-image-7145\"\/><\/figure>\n","protected":false},"excerpt":{"rendered":"","protected":false},"author":4,"featured_media":0,"comment_status":"closed","ping_status":"closed","sticky":false,"template":"","format":"standard","meta":{"footnotes":""},"categories":[59],"tags":[58,318,123],"class_list":["post-8412","post","type-post","status-publish","format-standard","hentry","category-cultura","tag-centro-cultural-ramon-pelayo","tag-cierre","tag-horarios"],"_links":{"self":[{"href":"https:\/\/mediocudeyo.es\/web\/wp-json\/wp\/v2\/posts\/8412"}],"collection":[{"href":"https:\/\/mediocudeyo.es\/web\/wp-json\/wp\/v2\/posts"}],"about":[{"href":"https:\/\/mediocudeyo.es\/web\/wp-json\/wp\/v2\/types\/post"}],"author":[{"embeddable":true,"href":"https:\/\/mediocudeyo.es\/web\/wp-json\/wp\/v2\/users\/4"}],"replies":[{"embeddable":true,"href":"https:\/\/mediocudeyo.es\/web\/wp-json\/wp\/v2\/comments?post=8412"}],"version-history":[{"count":0,"href":"https:\/\/mediocudeyo.es\/web\/wp-json\/wp\/v2\/posts\/8412\/revisions"}],"wp:attachment":[{"href":"https:\/\/mediocudeyo.es\/web\/wp-json\/wp\/v2\/media?parent=8412"}],"wp:term":[{"taxonomy":"category","embeddable":true,"href":"https:\/\/mediocudeyo.es\/web\/wp-json\/wp\/v2\/categories?post=8412"},{"taxonomy":"post_tag","embeddable":true,"href":"https:\/\/mediocudeyo.es\/web\/wp-json\/wp\/v2\/tags?post=8412"}],"curies":[{"name":"wp","href":"https:\/\/api.w.org\/{rel}","templated":true}]}}