{"id":8522,"date":"2020-09-04T12:19:42","date_gmt":"2020-09-04T11:19:42","guid":{"rendered":"http:\/\/mediocudeyo.es\/web\/?p=8522"},"modified":"2020-09-04T12:19:42","modified_gmt":"2020-09-04T11:19:42","slug":"servicio-de-madrugadores-c-e-i-p-marques-de-valdecilla-y-c-r-a-pena-cabarga","status":"publish","type":"post","link":"https:\/\/mediocudeyo.es\/web\/servicio-de-madrugadores-c-e-i-p-marques-de-valdecilla-y-c-r-a-pena-cabarga\/","title":{"rendered":"SERVICIO DE MADRUGADORES C.E.I.P. MARQU\u00c9S DE VALDECILLA Y C.R.A. PE\u00d1A CABARGA 2020-2021"},"content":{"rendered":"\n<figure class=\"wp-block-image\"><img decoding=\"async\" src=\"http:\/\/mediocudeyo.es\/web\/wp-content\/uploads\/2020\/09\/ESCUDO-AYTO-MEDIO-CUDEYO.jpg\" alt=\"\" class=\"wp-image-8523\"\/><figcaption> <strong>Concejal\u00eda de Educaci\u00f3n, Cultura, Infancia y Juventud<\/strong> <\/figcaption><\/figure>\n\n\n\n<p>Estimadas familias,<\/p>\n\n\n\n<p>En la resoluci\u00f3n del 31 de agosto\nde 2020 publicada por la Consejer\u00eda de Educaci\u00f3n y que actualiza el protocolo a\nseguir en la organizaci\u00f3n para el desarrollo de la actividad educativa en\nnuestra comunidad, se citan las siguientes instrucciones para el servicio de\nMADRUGADORES:<\/p>\n\n\n\n<!--more-->\n\n\n\n<p><em>\u201cEs obligatorio que la organizaci\u00f3n de este servicio respete los\ngrupos de convivencia estable constituidos por los equipos directivos para la\njornada lectiva. El protocolo de actuaci\u00f3n ante un eventual caso de COVID 19\nimplica la cuarentena de todo aquel alumnado que sea considerado contacto\nestrecho de un caso confirmado. Romper estos grupos de convivencia, adem\u00e1s de\ndificultar el control de contactos, implicar\u00eda multiplicar sustancialmente los\ncasos estrechos que habr\u00edan de guardar cuarentena ante un positivo. Por esta\nraz\u00f3n:<\/em><\/p>\n\n\n\n<ul class=\"wp-block-list\"><li><em>En el caso de que en un mismo espacio se\nacoja alumnado de distintos grupos estables, estos grupos habr\u00e1n de estar\nseparados, en todo momento, por al menos 3 metros.<\/em><\/li><li><em>En el caso de que participen de estas\nactividades alumnos y alumnas de otros niveles no establecidos como grupos\nestables:<\/em><ul><li><em>La\nseparaci\u00f3n de este alumnado con respecto a los grupos estables ser\u00e1 tambi\u00e9n de\n3 metros.<\/em><\/li><\/ul><ul><li><em>Las\ndistancias entre alumnos y alumnas que no formen parte de grupos estables ser\u00e1\nal menos de 1,5 metros cuando lleven mascarillas y superior a los 2 metros en\nlos momentos en los que no la porten.<\/em><\/li><\/ul><\/li><li><em>El uso de la mascarilla ser\u00e1 obligatorio en\ntodo momento para todo el alumnado, incluido el de 3 a 6 a\u00f1os, exceptuando,\nl\u00f3gicamente, los momentos en que ingieran alimentos o bebidas.<\/em><\/li><li><em>Puesto que la mascarilla est\u00e1 contraindicada\npara menores de 2 a\u00f1os, el alumnado de 2 a\u00f1os s\u00f3lo podr\u00e1 participar de estos\nservicios si se puede garantizar el establecimiento de un espacio separado (\notra sala, o en su defecto, mamparas o dispositivos an\u00e1logos).<\/em><\/li><\/ul>\n\n\n\n<p><em>Dentro de este espacio, si\nparticipan alumnos y alumnas de 2 a\u00f1os de diferentes grupos estables de\nconvivencia, habr\u00e1n de estar separados entre ellos, al menos 3 metros.<\/em><\/p>\n\n\n\n<ul class=\"wp-block-list\"><li><em>El responsable de organizaci\u00f3n de estos\nservicios ( entidad, empresas, asociaci\u00f3n,\u2026) deber\u00e1n encargarse de limpiar y\ndesinfectar los espacios utilizados despu\u00e9s de su uso y, en todo caso, antes\ndel inicio de la jornada lectiva.\u201d<\/em><\/li><\/ul>\n\n\n\n<p>Es nuestra voluntad y deseo hacer lo posible para que, aun siendo unas\ncircunstancias extra\u00f1as, <\/p>\n\n\n\n<p>podamos ofrecer un servicio que compatibilice el bienestar de los\nni\u00f1os y ni\u00f1as con la necesidad de conciliar, por ello se organizar\u00e1 de la siguiente\nmanera mientras dure la situaci\u00f3n sanitaria actual:<\/p>\n\n\n\n<p>-El servicio se desarrollar\u00e1 entre el <strong>1 de octubre y el 22 de junio.<\/strong><\/p>\n\n\n\n<p>-Podr\u00e1n participar en el servicio <strong>ni\u00f1os y ni\u00f1as entre 3 y 12 a\u00f1os<\/strong>\n(<em>el alumnado de 2 a\u00f1os no podr\u00e1 participar dado que no est\u00e1 recomendado el\nuso de mascarilla en estas edades<\/em>).<\/p>\n\n\n\n<p>&#8211;<strong>El horario de madrugadores ser\u00e1 de 7.45 a 9.00<\/strong>; <em>la entrada\nser\u00e1 de 7.45 a 8.15 <\/em>no siendo posible otro horario.<\/p>\n\n\n\n<p>&#8211;<strong>Ser\u00e1 necesario justificar la necesidad de conciliar aportando\ndocumentos justificativos<\/strong> de estar trabajando madre y padre o tutores, o\npadre o madre en el caso de familia monoparental, en el horario en que est\u00e1\nprogramado el servicio de 7.45 a 9.00 (Certificado de empresa, Declaraci\u00f3n\nResponsable en caso de aut\u00f3nomos y aut\u00f3nomas).<\/p>\n\n\n\n<p>-Se buscar\u00e1 un espacio en el centro en el que se puedan garantizar las\ndistancias de seguridad indicadas.<\/p>\n\n\n\n<p>-Se adecuar\u00e1n las ratios de grupo por monitor\/a no siendo en ning\u00fan\ncaso superior a 15.<\/p>\n\n\n\n<p>&#8211; Los monitores o monitoras se encargar\u00e1n de llevar a los ni\u00f1os y\nni\u00f1as hasta sus aulas a las 8.50 donde les dejar\u00e1n con sus tutores o tutoras.<\/p>\n\n\n\n<p class=\"has-text-color has-very-dark-gray-color\">&#8211;<strong>Las inscripciones se realizar\u00e1n desde el 7 hasta el 18 de septiembre en el <\/strong><a><strong>tel\u00e9fono 942522685 (Whatsapp)    <\/strong><\/a><a><strong> o en el correo <\/strong><\/a><strong><a href=\"mailto:centrocultural@mediocudeyo.es\"><\/a><\/strong><a href=\"mailto:centrocultural@mediocudeyo.es\"><strong>centrocultural@mediocudeyo.es<\/strong><\/a><\/p>\n\n\n\n<p><a href=\"http:\/\/mediocudeyo.es\/web\/documentos-publicos\/\">Impreso de solicitud y ficha de tercero<\/a><\/p>\n\n\n\n<p><strong>&#8211;<\/strong>En caso de que las inscripciones superen el n\u00famero que\ngarantice la seguridad de los ni\u00f1os y las ni\u00f1as<strong> se priorizar\u00e1 a las familias\nempadronadas en Medio Cudeyo.<\/strong><\/p>\n\n\n\n<p><strong>&#8211;<\/strong>En los d\u00edas previos al comienzo del servicio se enviar\u00e1 a las\nfamilias el protocolo de organizaci\u00f3n y la declaraci\u00f3n responsable que habr\u00e1n\nde cumplimentar para poder participar.<\/p>\n\n\n\n<p>-El costo del servicio podr\u00e1 sufrir modificaciones por tener que\nadecuar las ratios grupo-monitor\/a.<\/p>\n\n\n\n<p><em>Cualquier duda o aclaraci\u00f3n ser\u00e1 atendida en el Centro Cultural\nRam\u00f3n Pelayo tel\u00e9fono 942522685 o en el correo centrocultural@mediocudeyo.es<\/em><\/p>\n\n\n\n<p>Un cordial saludo,<\/p>\n\n\n\n<p>Yolanda Valle Mediavilla<\/p>\n\n\n\n<p>Concejala de Educaci\u00f3n, Cultura, Infancia y Juventud<\/p>\n","protected":false},"excerpt":{"rendered":"<p>Estimadas familias, En la resoluci\u00f3n del 31 de agosto de 2020 publicada por la Consejer\u00eda de Educaci\u00f3n y que actualiza el protocolo a seguir en la organizaci\u00f3n para el desarrollo [&hellip;]<\/p>\n","protected":false},"author":4,"featured_media":0,"comment_status":"closed","ping_status":"closed","sticky":false,"template":"","format":"standard","meta":{"footnotes":""},"categories":[39],"tags":[108,109,409,99,410],"class_list":["post-8522","post","type-post","status-publish","format-standard","hentry","category-educacion","tag-ceip-marques-de-valdecilla","tag-conciliacion","tag-cra-pena-cabarga","tag-educacion","tag-madrugadores"],"_links":{"self":[{"href":"https:\/\/mediocudeyo.es\/web\/wp-json\/wp\/v2\/posts\/8522"}],"collection":[{"href":"https:\/\/mediocudeyo.es\/web\/wp-json\/wp\/v2\/posts"}],"about":[{"href":"https:\/\/mediocudeyo.es\/web\/wp-json\/wp\/v2\/types\/post"}],"author":[{"embeddable":true,"href":"https:\/\/mediocudeyo.es\/web\/wp-json\/wp\/v2\/users\/4"}],"replies":[{"embeddable":true,"href":"https:\/\/mediocudeyo.es\/web\/wp-json\/wp\/v2\/comments?post=8522"}],"version-history":[{"count":0,"href":"https:\/\/mediocudeyo.es\/web\/wp-json\/wp\/v2\/posts\/8522\/revisions"}],"wp:attachment":[{"href":"https:\/\/mediocudeyo.es\/web\/wp-json\/wp\/v2\/media?parent=8522"}],"wp:term":[{"taxonomy":"category","embeddable":true,"href":"https:\/\/mediocudeyo.es\/web\/wp-json\/wp\/v2\/categories?post=8522"},{"taxonomy":"post_tag","embeddable":true,"href":"https:\/\/mediocudeyo.es\/web\/wp-json\/wp\/v2\/tags?post=8522"}],"curies":[{"name":"wp","href":"https:\/\/api.w.org\/{rel}","templated":true}]}}