{"id":860,"date":"2016-11-16T13:18:36","date_gmt":"2016-11-16T12:18:36","guid":{"rendered":"http:\/\/mediocudeyo.es\/web\/?p=860"},"modified":"2016-11-16T13:18:36","modified_gmt":"2016-11-16T12:18:36","slug":"futbol","status":"publish","type":"post","link":"https:\/\/mediocudeyo.es\/web\/futbol\/","title":{"rendered":"Inaguraci\u00f3n Campo de Futbol de Solares"},"content":{"rendered":"<p><a href=\"http:\/\/mediocudeyo.es\/web\/wp-content\/uploads\/2016\/11\/Campo-de-futbol-de-Solares.jpg\" data-rel=\"lightbox-image-0\" data-rl_title=\"\" data-rl_caption=\"\" title=\"\"><img fetchpriority=\"high\" decoding=\"async\" class=\"alignnone size-full wp-image-861\" src=\"http:\/\/mediocudeyo.es\/web\/wp-content\/uploads\/2016\/11\/Campo-de-futbol-de-Solares.jpg\" alt=\"campo-de-futbol-de-solares\" width=\"2048\" height=\"1361\" \/><\/a><\/p>\n<p>Este pasado mes se inauguro el nuevo c\u00e9sped del campo de f\u00fatbol de Medio Cudeyo, quedando as\u00ed\u00a0totalmente operativas las instalaciones para todos los equipos tanto de las escuelas como del club.<\/p>\n<p><a href=\"https:\/\/www.facebook.com\/photo.php?fbid=10154567036309564&amp;set=a.10154567026134564.1073741851.801664563&amp;type=3\">Fotos en Facebook<\/a><\/p>\n","protected":false},"excerpt":{"rendered":"<p>Este pasado mes se inauguro el nuevo c\u00e9sped del campo de f\u00fatbol de Medio Cudeyo, quedando as\u00ed\u00a0totalmente operativas las instalaciones para todos los equipos tanto de las escuelas como del [&hellip;]<\/p>\n","protected":false},"author":7,"featured_media":0,"comment_status":"closed","ping_status":"closed","sticky":false,"template":"","format":"standard","meta":{"footnotes":""},"categories":[38],"tags":[125],"class_list":["post-860","post","type-post","status-publish","format-standard","hentry","category-deporte","tag-futbol"],"_links":{"self":[{"href":"https:\/\/mediocudeyo.es\/web\/wp-json\/wp\/v2\/posts\/860"}],"collection":[{"href":"https:\/\/mediocudeyo.es\/web\/wp-json\/wp\/v2\/posts"}],"about":[{"href":"https:\/\/mediocudeyo.es\/web\/wp-json\/wp\/v2\/types\/post"}],"author":[{"embeddable":true,"href":"https:\/\/mediocudeyo.es\/web\/wp-json\/wp\/v2\/users\/7"}],"replies":[{"embeddable":true,"href":"https:\/\/mediocudeyo.es\/web\/wp-json\/wp\/v2\/comments?post=860"}],"version-history":[{"count":0,"href":"https:\/\/mediocudeyo.es\/web\/wp-json\/wp\/v2\/posts\/860\/revisions"}],"wp:attachment":[{"href":"https:\/\/mediocudeyo.es\/web\/wp-json\/wp\/v2\/media?parent=860"}],"wp:term":[{"taxonomy":"category","embeddable":true,"href":"https:\/\/mediocudeyo.es\/web\/wp-json\/wp\/v2\/categories?post=860"},{"taxonomy":"post_tag","embeddable":true,"href":"https:\/\/mediocudeyo.es\/web\/wp-json\/wp\/v2\/tags?post=860"}],"curies":[{"name":"wp","href":"https:\/\/api.w.org\/{rel}","templated":true}]}}