{"id":8607,"date":"2020-09-29T12:33:12","date_gmt":"2020-09-29T11:33:12","guid":{"rendered":"http:\/\/mediocudeyo.es\/web\/?p=8607"},"modified":"2020-09-29T12:33:12","modified_gmt":"2020-09-29T11:33:12","slug":"ciclo-fusionarte-2020","status":"publish","type":"post","link":"https:\/\/mediocudeyo.es\/web\/ciclo-fusionarte-2020\/","title":{"rendered":"CICLO FUSIONARTE 2020"},"content":{"rendered":"\n<figure class=\"wp-block-image\"><img decoding=\"async\" src=\"http:\/\/mediocudeyo.es\/web\/wp-content\/uploads\/2020\/09\/FusionARTE.-Cartel-JPG-724x1024.jpg\" alt=\"\" class=\"wp-image-8608\"\/><\/figure>\n\n\n\n<p> FusionARTE ser\u00e1 GRATIS.<\/p>\n\n\n\n<p>Desde Medio Cudeyo siempre hemos querido apoyar la cultura, no s\u00f3lo a todos los trabajadores y artistas del gremio, sino tambi\u00e9n a los espectadores, para que puedan disfrutar, desconectar, re\u00edr y emocionarse con todo tipo de espect\u00e1culos.Por eso, una vez m\u00e1s, desde el Ayuntamiento y la Concejal\u00eda de Cultura, queremos hacer accesible este arte para todas y todos.As\u00ed, el Ciclo FusionARTE que se celebrar\u00e1 durante los meses de octubre y noviembre ser\u00e1 gratis para tod@s los espectadores, previa reserva de entradas.Gracias a tod@s l@s vecin@s de Medio Cudeyo por respaldar siempre al mundo del espect\u00e1culo con vuestra participaci\u00f3n.<\/p>\n\n\n\n<p>Entrada gratuita, reservas&nbsp; hasta el viernes previo al esp\u00e9ctaculo a las 12h. :<\/p>\n\n\n\n<p><\/p>\n\n\n\n<p>&#8211; Por correo electr\u00f3nico: centrocultural@mediocudeyo.es<\/p>\n\n\n\n<p>&#8211; Por Whatsapp o tel\u00e9fono: 942 522 685<\/p>\n\n\n\n<p>\nEs necesario para realizar la reserva aportar los siguientes datos de \ntod@s los asistentes: nombre completo, DNI (de los menores si tienen \ntambi\u00e9n), tel\u00e9fono de contacto y edad de los menores\n\n<\/p>\n\n\n\n<p>Medidas de seguridad:<\/p>\n\n\n\n<p> Entrada y salida escalonada.<\/p>\n\n\n\n<p> Aforo reducido preservando la distancia interpersonal.<\/p>\n\n\n\n<p> Uso de mascarilla durante todo el espect\u00e1culo.<\/p>\n\n\n\n<p> Uso de gel hidro-alcoh\u00f3lico.\n\n<\/p>\n\n\n\n<!--more-->\n\n\n\n<figure class=\"wp-block-image\"><img decoding=\"async\" src=\"http:\/\/mediocudeyo.es\/web\/wp-content\/uploads\/2020\/10\/D\u00edptico-FRONTAL-1024x791.jpg\" alt=\"\" class=\"wp-image-8632\"\/><\/figure>\n\n\n\n<figure class=\"wp-block-image\"><img decoding=\"async\" src=\"http:\/\/mediocudeyo.es\/web\/wp-content\/uploads\/2020\/10\/D\u00edptico-PROGRAMACI\u00d3N-1024x791.jpg\" alt=\"\" class=\"wp-image-8634\"\/><\/figure>\n","protected":false},"excerpt":{"rendered":"<p>FusionARTE ser\u00e1 GRATIS. Desde Medio Cudeyo siempre hemos querido apoyar la cultura, no s\u00f3lo a todos los trabajadores y artistas del gremio, sino tambi\u00e9n a los espectadores, para que puedan [&hellip;]<\/p>\n","protected":false},"author":4,"featured_media":0,"comment_status":"closed","ping_status":"closed","sticky":false,"template":"","format":"standard","meta":{"footnotes":""},"categories":[59],"tags":[58,249,82,140,160,83],"class_list":["post-8607","post","type-post","status-publish","format-standard","hentry","category-cultura","tag-centro-cultural-ramon-pelayo","tag-cuentacuentos","tag-fusionarte","tag-fusionarte-infantil","tag-musica","tag-teatro"],"_links":{"self":[{"href":"https:\/\/mediocudeyo.es\/web\/wp-json\/wp\/v2\/posts\/8607"}],"collection":[{"href":"https:\/\/mediocudeyo.es\/web\/wp-json\/wp\/v2\/posts"}],"about":[{"href":"https:\/\/mediocudeyo.es\/web\/wp-json\/wp\/v2\/types\/post"}],"author":[{"embeddable":true,"href":"https:\/\/mediocudeyo.es\/web\/wp-json\/wp\/v2\/users\/4"}],"replies":[{"embeddable":true,"href":"https:\/\/mediocudeyo.es\/web\/wp-json\/wp\/v2\/comments?post=8607"}],"version-history":[{"count":0,"href":"https:\/\/mediocudeyo.es\/web\/wp-json\/wp\/v2\/posts\/8607\/revisions"}],"wp:attachment":[{"href":"https:\/\/mediocudeyo.es\/web\/wp-json\/wp\/v2\/media?parent=8607"}],"wp:term":[{"taxonomy":"category","embeddable":true,"href":"https:\/\/mediocudeyo.es\/web\/wp-json\/wp\/v2\/categories?post=8607"},{"taxonomy":"post_tag","embeddable":true,"href":"https:\/\/mediocudeyo.es\/web\/wp-json\/wp\/v2\/tags?post=8607"}],"curies":[{"name":"wp","href":"https:\/\/api.w.org\/{rel}","templated":true}]}}