{"id":8643,"date":"2020-10-01T11:25:31","date_gmt":"2020-10-01T10:25:31","guid":{"rendered":"http:\/\/mediocudeyo.es\/web\/?p=8643"},"modified":"2020-10-01T11:25:31","modified_gmt":"2020-10-01T10:25:31","slug":"teatro-tentaciones","status":"publish","type":"post","link":"https:\/\/mediocudeyo.es\/web\/teatro-tentaciones\/","title":{"rendered":"TEATRO: TENTACIONES"},"content":{"rendered":"\n<figure class=\"wp-block-image\"><img decoding=\"async\" src=\"http:\/\/mediocudeyo.es\/web\/wp-content\/uploads\/2020\/10\/FusionARTE.-Tentaciones-2-octubre-JPG-724x1024.jpg\" alt=\"\" class=\"wp-image-8644\"\/><\/figure>\n\n\n\n<p>Una \u00e1gil comedia sobre el amor, el desamor, la atracci\u00f3n f\u00edsica, matrimonios, amantes&#8230; La vida puede aparentar ser una balsa de aceite, pero de pronto irrumpe el desequilibrio y descubrimos cosas que ni siquiera imagin\u00e1bamos.<\/p>\n\n\n\n<p>Un espect\u00e1culo vibrante, con un humor corrosivo y tremendamente divertido.<\/p>\n\n\n\n<!--more-->\n\n\n\n<p>Entrada gratuita, reservas&nbsp; hasta el viernes previo al esp\u00e9ctaculo a las 12h. :<\/p>\n\n\n\n<p>\u2013 Por correo electr\u00f3nico: centrocultural@mediocudeyo.es<\/p>\n\n\n\n<p>\u2013 Por Whatsapp o tel\u00e9fono: 942 522 685<\/p>\n\n\n\n<p>Medidas de seguridad:<\/p>\n\n\n\n<p>Entrada y salida escalonada.<\/p>\n\n\n\n<p>Aforo reducido preservando la distancia interpersonal.<\/p>\n\n\n\n<p>Uso de mascarilla durante todo el espect\u00e1culo.<\/p>\n\n\n\n<p>Uso de gel hidro-alcoh\u00f3lico.<\/p>\n","protected":false},"excerpt":{"rendered":"<p>Una \u00e1gil comedia sobre el amor, el desamor, la atracci\u00f3n f\u00edsica, matrimonios, amantes&#8230; La vida puede aparentar ser una balsa de aceite, pero de pronto irrumpe el desequilibrio y descubrimos [&hellip;]<\/p>\n","protected":false},"author":4,"featured_media":0,"comment_status":"closed","ping_status":"closed","sticky":false,"template":"","format":"standard","meta":{"footnotes":""},"categories":[59],"tags":[58,82,83],"class_list":["post-8643","post","type-post","status-publish","format-standard","hentry","category-cultura","tag-centro-cultural-ramon-pelayo","tag-fusionarte","tag-teatro"],"_links":{"self":[{"href":"https:\/\/mediocudeyo.es\/web\/wp-json\/wp\/v2\/posts\/8643"}],"collection":[{"href":"https:\/\/mediocudeyo.es\/web\/wp-json\/wp\/v2\/posts"}],"about":[{"href":"https:\/\/mediocudeyo.es\/web\/wp-json\/wp\/v2\/types\/post"}],"author":[{"embeddable":true,"href":"https:\/\/mediocudeyo.es\/web\/wp-json\/wp\/v2\/users\/4"}],"replies":[{"embeddable":true,"href":"https:\/\/mediocudeyo.es\/web\/wp-json\/wp\/v2\/comments?post=8643"}],"version-history":[{"count":0,"href":"https:\/\/mediocudeyo.es\/web\/wp-json\/wp\/v2\/posts\/8643\/revisions"}],"wp:attachment":[{"href":"https:\/\/mediocudeyo.es\/web\/wp-json\/wp\/v2\/media?parent=8643"}],"wp:term":[{"taxonomy":"category","embeddable":true,"href":"https:\/\/mediocudeyo.es\/web\/wp-json\/wp\/v2\/categories?post=8643"},{"taxonomy":"post_tag","embeddable":true,"href":"https:\/\/mediocudeyo.es\/web\/wp-json\/wp\/v2\/tags?post=8643"}],"curies":[{"name":"wp","href":"https:\/\/api.w.org\/{rel}","templated":true}]}}