{"id":8672,"date":"2020-10-05T10:02:36","date_gmt":"2020-10-05T09:02:36","guid":{"rendered":"http:\/\/mediocudeyo.es\/web\/?p=8672"},"modified":"2020-10-05T10:02:36","modified_gmt":"2020-10-05T09:02:36","slug":"8672-2","status":"publish","type":"post","link":"https:\/\/mediocudeyo.es\/web\/8672-2\/","title":{"rendered":"JULIANINI: CUENTOS ENCAJADOS"},"content":{"rendered":"\n<figure class=\"wp-block-image\"><img decoding=\"async\" src=\"http:\/\/mediocudeyo.es\/web\/wp-content\/uploads\/2020\/10\/FusionARTE.-Julianini-11-octubre-JPG-724x1024.jpg\" alt=\"\" class=\"wp-image-8673\"\/><\/figure>\n\n\n\n<p>\u00bfSe pueden guardar los cuentos en una caja?, \u00bfpodr\u00eda una caja ser un cuento?<\/p>\n\n\n\n<p>Estas dudas se desvelan en este espect\u00e1culo que consiste en la narraci\u00f3n de cuentos que se cuentan CON cajas, DESDE cajas, EN cajas. Un divertido espect\u00e1culo muy visual. Participan tambi\u00e9n un par de marionetas.<\/p>\n\n\n\n<p>Habr\u00e1 dos pases, dado el aforo limitado, para que el mayor n\u00famero de ni\u00f1os y ni\u00f1as puedan disfrutar del espect\u00e1culo: 11:30 horas y 13 horas.<\/p>\n\n\n\n<p>Un \u00fanico padre\/madre por unidad familiar.<\/p>\n\n\n\n<!--more-->\n\n\n\n<p>Entrada gratuita, reservas&nbsp; hasta el viernes previo al esp\u00e9ctaculo a las 12h. :<\/p>\n\n\n\n<p>\u2013 Por correo electr\u00f3nico: centrocultural@mediocudeyo.es<\/p>\n\n\n\n<p>\u2013 Por Whatsapp o tel\u00e9fono: 942 522 685<\/p>\n\n\n\n<p>Es necesario para realizar la reserva aportar los siguientes datos de tod@s los asistentes: nombre completo, DNI (de los menores si tienen tambi\u00e9n), tel\u00e9fono de contacto y edad de los menores.<\/p>\n\n\n\n<p>Medidas de seguridad:<\/p>\n\n\n\n<p>Entrada y salida escalonada.<\/p>\n\n\n\n<p>Aforo reducido preservando la distancia interpersonal.<\/p>\n\n\n\n<p>Uso de mascarilla durante todo el espect\u00e1culo.<\/p>\n\n\n\n<p>Uso de gel hidro-alcoh\u00f3lico.<\/p>\n","protected":false},"excerpt":{"rendered":"<p>\u00bfSe pueden guardar los cuentos en una caja?, \u00bfpodr\u00eda una caja ser un cuento? Estas dudas se desvelan en este espect\u00e1culo que consiste en la narraci\u00f3n de cuentos que se [&hellip;]<\/p>\n","protected":false},"author":4,"featured_media":0,"comment_status":"closed","ping_status":"closed","sticky":false,"template":"","format":"standard","meta":{"footnotes":""},"categories":[59],"tags":[58,249,82,140],"class_list":["post-8672","post","type-post","status-publish","format-standard","hentry","category-cultura","tag-centro-cultural-ramon-pelayo","tag-cuentacuentos","tag-fusionarte","tag-fusionarte-infantil"],"_links":{"self":[{"href":"https:\/\/mediocudeyo.es\/web\/wp-json\/wp\/v2\/posts\/8672"}],"collection":[{"href":"https:\/\/mediocudeyo.es\/web\/wp-json\/wp\/v2\/posts"}],"about":[{"href":"https:\/\/mediocudeyo.es\/web\/wp-json\/wp\/v2\/types\/post"}],"author":[{"embeddable":true,"href":"https:\/\/mediocudeyo.es\/web\/wp-json\/wp\/v2\/users\/4"}],"replies":[{"embeddable":true,"href":"https:\/\/mediocudeyo.es\/web\/wp-json\/wp\/v2\/comments?post=8672"}],"version-history":[{"count":0,"href":"https:\/\/mediocudeyo.es\/web\/wp-json\/wp\/v2\/posts\/8672\/revisions"}],"wp:attachment":[{"href":"https:\/\/mediocudeyo.es\/web\/wp-json\/wp\/v2\/media?parent=8672"}],"wp:term":[{"taxonomy":"category","embeddable":true,"href":"https:\/\/mediocudeyo.es\/web\/wp-json\/wp\/v2\/categories?post=8672"},{"taxonomy":"post_tag","embeddable":true,"href":"https:\/\/mediocudeyo.es\/web\/wp-json\/wp\/v2\/tags?post=8672"}],"curies":[{"name":"wp","href":"https:\/\/api.w.org\/{rel}","templated":true}]}}