{"id":8699,"date":"2020-10-09T08:29:00","date_gmt":"2020-10-09T07:29:00","guid":{"rendered":"http:\/\/mediocudeyo.es\/web\/?p=8699"},"modified":"2020-10-09T08:29:00","modified_gmt":"2020-10-09T07:29:00","slug":"programa-de-conciliacion-semana-de-otono-2020","status":"publish","type":"post","link":"https:\/\/mediocudeyo.es\/web\/programa-de-conciliacion-semana-de-otono-2020\/","title":{"rendered":"PROGRAMA DE CONCILIACI\u00d3N: SEMANA DE OTO\u00d1O 2020"},"content":{"rendered":"\n<figure class=\"wp-block-image\"><img decoding=\"async\" src=\"http:\/\/mediocudeyo.es\/web\/wp-content\/uploads\/2020\/10\/SEMANA-DE-OTO\u00d1O-2020.CARTEL_pages-to-jpg-0001-724x1024.jpg\" alt=\"\" class=\"wp-image-8700\"\/><\/figure>\n\n\n\n<p class=\"has-large-font-size\"><strong>Ampliado el plazo de solicitud hasta el martes d\u00eda 20 de octubre<\/strong>.<\/p>\n\n\n\n<p> Una vez m\u00e1s desde la Concejal\u00eda de Educaci\u00f3n, Cultura, Infancia y Juventud queremos hacer posible la conciliaci\u00f3n de las familias en las semanas no lectivas. Por eso abrimos las inscripciones para el Programa de Conciliaci\u00f3n: Semana de oto\u00f1o 2020. Este servicio se realizar\u00e1 del 2 al 6 de noviembre, con horario de 8:00 a 14:00 horas. <\/p>\n\n\n\n<p><a href=\"http:\/\/mediocudeyo.es\/web\/documentos-publicos\/\">Impreso de solicitud Semana de Oto\u00f1o 2020<\/a><\/p>\n\n\n\n<p><a href=\"http:\/\/mediocudeyo.es\/web\/documentos-publicos\/\">Declaraci\u00f3n responsable Semana de Oto\u00f1o 2020<\/a><\/p>\n\n\n\n<p><\/p>\n","protected":false},"excerpt":{"rendered":"<p>Ampliado el plazo de solicitud hasta el martes d\u00eda 20 de octubre. Una vez m\u00e1s desde la Concejal\u00eda de Educaci\u00f3n, Cultura, Infancia y Juventud queremos hacer posible la conciliaci\u00f3n de [&hellip;]<\/p>\n","protected":false},"author":4,"featured_media":0,"comment_status":"closed","ping_status":"closed","sticky":false,"template":"","format":"standard","meta":{"footnotes":""},"categories":[39],"tags":[113,109,99,407,413],"class_list":["post-8699","post","type-post","status-publish","format-standard","hentry","category-educacion","tag-juventud","tag-conciliacion","tag-educacion","tag-infancia","tag-semana-de-otono-2020"],"_links":{"self":[{"href":"https:\/\/mediocudeyo.es\/web\/wp-json\/wp\/v2\/posts\/8699"}],"collection":[{"href":"https:\/\/mediocudeyo.es\/web\/wp-json\/wp\/v2\/posts"}],"about":[{"href":"https:\/\/mediocudeyo.es\/web\/wp-json\/wp\/v2\/types\/post"}],"author":[{"embeddable":true,"href":"https:\/\/mediocudeyo.es\/web\/wp-json\/wp\/v2\/users\/4"}],"replies":[{"embeddable":true,"href":"https:\/\/mediocudeyo.es\/web\/wp-json\/wp\/v2\/comments?post=8699"}],"version-history":[{"count":0,"href":"https:\/\/mediocudeyo.es\/web\/wp-json\/wp\/v2\/posts\/8699\/revisions"}],"wp:attachment":[{"href":"https:\/\/mediocudeyo.es\/web\/wp-json\/wp\/v2\/media?parent=8699"}],"wp:term":[{"taxonomy":"category","embeddable":true,"href":"https:\/\/mediocudeyo.es\/web\/wp-json\/wp\/v2\/categories?post=8699"},{"taxonomy":"post_tag","embeddable":true,"href":"https:\/\/mediocudeyo.es\/web\/wp-json\/wp\/v2\/tags?post=8699"}],"curies":[{"name":"wp","href":"https:\/\/api.w.org\/{rel}","templated":true}]}}