{"id":8708,"date":"2020-10-13T09:26:08","date_gmt":"2020-10-13T08:26:08","guid":{"rendered":"http:\/\/mediocudeyo.es\/web\/?p=8708"},"modified":"2020-10-13T09:26:08","modified_gmt":"2020-10-13T08:26:08","slug":"8708-2","status":"publish","type":"post","link":"https:\/\/mediocudeyo.es\/web\/8708-2\/","title":{"rendered":"ESPECT\u00c1CULO MUSICAL: ARRIBA LOS CORAZONES"},"content":{"rendered":"\n<figure class=\"wp-block-image\"><img decoding=\"async\" src=\"http:\/\/mediocudeyo.es\/web\/wp-content\/uploads\/2020\/10\/FusionARTE.-Al-aire-16-octubre-JPG-724x1024.jpg\" alt=\"\" class=\"wp-image-8709\"\/><figcaption><strong>AL AIRE canta y baila por LOS FLORES<\/strong><\/figcaption><\/figure>\n\n\n\n<p>Homenaje a la familia Flores con temas emblem\u00e1ticos tanto de Antonio Flores (Alba, No dudar\u00eda, 7 vidas, Juan el Golosina, &#8230;) como de Rosario ( Como quieres que te quiera, Algo contigo, Que bonito, Tu boca, &#8230;) sin perder de vista el arte de La Faraona y su personal forma de cantar y bailar flamenco.<\/p>\n\n\n\n<p>\u00abArriba los Corazones\u00bb es un completo espect\u00e1culo de cante, baile y toque, con la cantaora M\u00f3nica Nu\u00f1ez y el cantante Jorge Canovas; Luc\u00eda Serrano al baile; Antonio Le\u00f3n en la guitarra; Dani Pe\u00f1a en la percusi\u00f3n y Pedro Hoyuelos al piano.<\/p>\n\n\n\n<p>Entrada gratuita, reservas&nbsp; hasta el viernes previo al esp\u00e9ctaculo a las 12h. :<\/p>\n\n\n\n<!--more-->\n\n\n\n<p>\u2013 Por correo electr\u00f3nico: centrocultural@mediocudeyo.es<\/p>\n\n\n\n<p>\u2013 Por Whatsapp o tel\u00e9fono: 942 522 685<\/p>\n\n\n\n<p>Es necesario para realizar la reserva aportar los siguientes datos de tod@s los asistentes: nombre completo, DNI (de los menores si tienen tambi\u00e9n), tel\u00e9fono de contacto y edad de los menores.<\/p>\n\n\n\n<p>Medidas de seguridad:<\/p>\n\n\n\n<p>Entrada y salida escalonada.<\/p>\n\n\n\n<p>Aforo reducido preservando la distancia interpersonal.<\/p>\n\n\n\n<p>Uso de mascarilla durante todo el espect\u00e1culo.<\/p>\n\n\n\n<p>Uso de gel hidro-alcoh\u00f3lico.<\/p>\n","protected":false},"excerpt":{"rendered":"<p>Homenaje a la familia Flores con temas emblem\u00e1ticos tanto de Antonio Flores (Alba, No dudar\u00eda, 7 vidas, Juan el Golosina, &#8230;) como de Rosario ( Como quieres que te quiera, [&hellip;]<\/p>\n","protected":false},"author":4,"featured_media":0,"comment_status":"closed","ping_status":"closed","sticky":false,"template":"","format":"standard","meta":{"footnotes":""},"categories":[59],"tags":[58,82,160],"class_list":["post-8708","post","type-post","status-publish","format-standard","hentry","category-cultura","tag-centro-cultural-ramon-pelayo","tag-fusionarte","tag-musica"],"_links":{"self":[{"href":"https:\/\/mediocudeyo.es\/web\/wp-json\/wp\/v2\/posts\/8708"}],"collection":[{"href":"https:\/\/mediocudeyo.es\/web\/wp-json\/wp\/v2\/posts"}],"about":[{"href":"https:\/\/mediocudeyo.es\/web\/wp-json\/wp\/v2\/types\/post"}],"author":[{"embeddable":true,"href":"https:\/\/mediocudeyo.es\/web\/wp-json\/wp\/v2\/users\/4"}],"replies":[{"embeddable":true,"href":"https:\/\/mediocudeyo.es\/web\/wp-json\/wp\/v2\/comments?post=8708"}],"version-history":[{"count":0,"href":"https:\/\/mediocudeyo.es\/web\/wp-json\/wp\/v2\/posts\/8708\/revisions"}],"wp:attachment":[{"href":"https:\/\/mediocudeyo.es\/web\/wp-json\/wp\/v2\/media?parent=8708"}],"wp:term":[{"taxonomy":"category","embeddable":true,"href":"https:\/\/mediocudeyo.es\/web\/wp-json\/wp\/v2\/categories?post=8708"},{"taxonomy":"post_tag","embeddable":true,"href":"https:\/\/mediocudeyo.es\/web\/wp-json\/wp\/v2\/tags?post=8708"}],"curies":[{"name":"wp","href":"https:\/\/api.w.org\/{rel}","templated":true}]}}