{"id":8735,"date":"2020-10-16T12:06:41","date_gmt":"2020-10-16T11:06:41","guid":{"rendered":"http:\/\/mediocudeyo.es\/web\/?p=8735"},"modified":"2020-10-16T12:06:41","modified_gmt":"2020-10-16T11:06:41","slug":"conmemoracion-del-dia-de-la-biblioteca-el-camino-de-las-letras","status":"publish","type":"post","link":"https:\/\/mediocudeyo.es\/web\/conmemoracion-del-dia-de-la-biblioteca-el-camino-de-las-letras\/","title":{"rendered":"CONMEMORACI\u00d3N DEL D\u00cdA DE LA BIBLIOTECA: EL CAMINO DE LAS LETRAS"},"content":{"rendered":"\n<figure class=\"wp-block-image\"><img decoding=\"async\" src=\"http:\/\/mediocudeyo.es\/web\/wp-content\/uploads\/2020\/10\/FusionARTE.-El-camino-de-las-letras-JPG-724x1024.jpg\" alt=\"\" class=\"wp-image-8736\"\/><\/figure>\n\n\n\n<p>El camino de las letras es un trabajo multidisciplinar que utiliza el teatro, la danza y las artes pl\u00e1sticas para hablar de las emociones humanas a trav\u00e9s de las palabras, con una estructura muy simple pero eficaz. A partir de las 27 letras del alfabeto espa\u00f1ol se seleccionan 27 adjetivos que bucean en el estado de \u00e1nimo de nuestros personajes.<\/p>\n\n\n\n<p>Representaci\u00f3n teatral + taller.<\/p>\n\n\n\n<p>Duraci\u00f3n: 2 h.<\/p>\n\n\n\n<p>Para ni\u00f1@s a partir de 5 a\u00f1os: Acceder\u00e1n a la actividad con l@s monitores\/as, l@s padres\/madres les recoger\u00e1n al finalizar.<\/p>\n\n\n\n<p>Deben traer su propio estuche de pinturas, tijeras y pegamento.<\/p>\n\n\n\n<p>Actividad gratuita, reservas&nbsp; hasta el viernes previo al esp\u00e9ctaculo a las 12h. <\/p>\n\n\n\n<!--more-->\n\n\n\n<p>\u2013 Por correo electr\u00f3nico: centrocultural@mediocudeyo.es<\/p>\n\n\n\n<p>\u2013 Por Whatsapp o tel\u00e9fono: 942 522 685<\/p>\n\n\n\n<p>Es necesario para realizar la reserva aportar los siguientes datos de tod@s l@s asistentes: nombre completo, DNI ( si tienen ), edad y tel\u00e9fono de contacto.<\/p>\n\n\n\n<p>Medidas de seguridad:<\/p>\n\n\n\n<p>Entrada y salida escalonada.<\/p>\n\n\n\n<p>Aforo reducido preservando la distancia interpersonal.<\/p>\n\n\n\n<p>Uso de mascarilla durante todo el espect\u00e1culo.<\/p>\n\n\n\n<p>Uso de gel hidro-alcoh\u00f3lico.<\/p>\n\n\n\n<p><\/p>\n","protected":false},"excerpt":{"rendered":"<p>El camino de las letras es un trabajo multidisciplinar que utiliza el teatro, la danza y las artes pl\u00e1sticas para hablar de las emociones humanas a trav\u00e9s de las palabras, [&hellip;]<\/p>\n","protected":false},"author":4,"featured_media":0,"comment_status":"closed","ping_status":"closed","sticky":false,"template":"","format":"standard","meta":{"footnotes":""},"categories":[59],"tags":[415,58,146,140,83],"class_list":["post-8735","post","type-post","status-publish","format-standard","hentry","category-cultura","tag-artes-plasticas","tag-centro-cultural-ramon-pelayo","tag-danza","tag-fusionarte-infantil","tag-teatro"],"_links":{"self":[{"href":"https:\/\/mediocudeyo.es\/web\/wp-json\/wp\/v2\/posts\/8735"}],"collection":[{"href":"https:\/\/mediocudeyo.es\/web\/wp-json\/wp\/v2\/posts"}],"about":[{"href":"https:\/\/mediocudeyo.es\/web\/wp-json\/wp\/v2\/types\/post"}],"author":[{"embeddable":true,"href":"https:\/\/mediocudeyo.es\/web\/wp-json\/wp\/v2\/users\/4"}],"replies":[{"embeddable":true,"href":"https:\/\/mediocudeyo.es\/web\/wp-json\/wp\/v2\/comments?post=8735"}],"version-history":[{"count":0,"href":"https:\/\/mediocudeyo.es\/web\/wp-json\/wp\/v2\/posts\/8735\/revisions"}],"wp:attachment":[{"href":"https:\/\/mediocudeyo.es\/web\/wp-json\/wp\/v2\/media?parent=8735"}],"wp:term":[{"taxonomy":"category","embeddable":true,"href":"https:\/\/mediocudeyo.es\/web\/wp-json\/wp\/v2\/categories?post=8735"},{"taxonomy":"post_tag","embeddable":true,"href":"https:\/\/mediocudeyo.es\/web\/wp-json\/wp\/v2\/tags?post=8735"}],"curies":[{"name":"wp","href":"https:\/\/api.w.org\/{rel}","templated":true}]}}