{"id":8763,"date":"2020-10-21T10:24:12","date_gmt":"2020-10-21T09:24:12","guid":{"rendered":"http:\/\/mediocudeyo.es\/web\/?p=8763"},"modified":"2020-10-21T10:24:12","modified_gmt":"2020-10-21T09:24:12","slug":"cuentacuentos-para-bebes","status":"publish","type":"post","link":"https:\/\/mediocudeyo.es\/web\/cuentacuentos-para-bebes\/","title":{"rendered":"CUENTACUENTOS PARA BEB\u00c9S"},"content":{"rendered":"\n<figure class=\"wp-block-image\"><img decoding=\"async\" src=\"http:\/\/mediocudeyo.es\/web\/wp-content\/uploads\/2020\/10\/CUENTA-CUENTOS-PARA-BEB\u00c9S-sALTARELA-eLISABET-mART\u00cdN-1024x819.png\" alt=\"\" class=\"wp-image-8764\"\/><\/figure>\n\n\n\n<p style=\"text-align:center\" class=\"has-text-color has-huge-font-size has-vivid-red-color\"><strong>UN SOLO PASE <\/strong><\/p>\n\n\n\n<p style=\"font-size:52px;text-align:center\" class=\"has-text-color has-vivid-red-color\"><strong>17:30 H.<\/strong><\/p>\n\n\n\n<p>Este jueves no pod\u00e9is perderos esta actividad tan especial que hemos  preparado para l@s m\u00e1s peque\u00f1@s de la casa, en conmemoraci\u00f3n al pr\u00f3ximo  d\u00eda 24, D\u00eda de la biblioteca.<\/p>\n\n\n\n<p> Elisabet Mart\u00edn, nos trae de la mano de Saltarela un precioso cuentacuentos para beb\u00e9s de 6 meses a 3 a\u00f1os.<\/p>\n\n\n\n<p> Aforo muy limitado y con todas las medidas higi\u00e9nico sanitarias necesarias para disfrutar de un evento seguro.<\/p>\n\n\n\n<p>Reserva de invitaciones necesaria, no se podr\u00e1 acceder sin haberse apuntado:<\/p>\n\n\n\n<p> Tel\u00e9fono o whatsapp: 942 522 360<br> Correo electr\u00f3nico: centrocultural@mediocudeyo.es<\/p>\n","protected":false},"excerpt":{"rendered":"<p>UN SOLO PASE 17:30 H. Este jueves no pod\u00e9is perderos esta actividad tan especial que hemos preparado para l@s m\u00e1s peque\u00f1@s de la casa, en conmemoraci\u00f3n al pr\u00f3ximo d\u00eda 24, [&hellip;]<\/p>\n","protected":false},"author":4,"featured_media":0,"comment_status":"closed","ping_status":"closed","sticky":false,"template":"","format":"standard","meta":{"footnotes":""},"categories":[59],"tags":[374,58,249,315],"class_list":["post-8763","post","type-post","status-publish","format-standard","hentry","category-cultura","tag-biblioteca-municipal","tag-centro-cultural-ramon-pelayo","tag-cuentacuentos","tag-dia-de-la-biblioteca"],"_links":{"self":[{"href":"https:\/\/mediocudeyo.es\/web\/wp-json\/wp\/v2\/posts\/8763"}],"collection":[{"href":"https:\/\/mediocudeyo.es\/web\/wp-json\/wp\/v2\/posts"}],"about":[{"href":"https:\/\/mediocudeyo.es\/web\/wp-json\/wp\/v2\/types\/post"}],"author":[{"embeddable":true,"href":"https:\/\/mediocudeyo.es\/web\/wp-json\/wp\/v2\/users\/4"}],"replies":[{"embeddable":true,"href":"https:\/\/mediocudeyo.es\/web\/wp-json\/wp\/v2\/comments?post=8763"}],"version-history":[{"count":0,"href":"https:\/\/mediocudeyo.es\/web\/wp-json\/wp\/v2\/posts\/8763\/revisions"}],"wp:attachment":[{"href":"https:\/\/mediocudeyo.es\/web\/wp-json\/wp\/v2\/media?parent=8763"}],"wp:term":[{"taxonomy":"category","embeddable":true,"href":"https:\/\/mediocudeyo.es\/web\/wp-json\/wp\/v2\/categories?post=8763"},{"taxonomy":"post_tag","embeddable":true,"href":"https:\/\/mediocudeyo.es\/web\/wp-json\/wp\/v2\/tags?post=8763"}],"curies":[{"name":"wp","href":"https:\/\/api.w.org\/{rel}","templated":true}]}}