{"id":8780,"date":"2020-10-26T09:21:19","date_gmt":"2020-10-26T08:21:19","guid":{"rendered":"http:\/\/mediocudeyo.es\/web\/?p=8780"},"modified":"2020-10-26T09:21:19","modified_gmt":"2020-10-26T08:21:19","slug":"joseba-mas-cara-que-espalda","status":"publish","type":"post","link":"https:\/\/mediocudeyo.es\/web\/joseba-mas-cara-que-espalda\/","title":{"rendered":"JOSEBA: M\u00c1S CARA QUE ESPALDA"},"content":{"rendered":"\n<figure class=\"wp-block-image\"><img decoding=\"async\" src=\"http:\/\/mediocudeyo.es\/web\/wp-content\/uploads\/2020\/10\/FusionARTE.-Joseba-6-nov-JPG-724x1024.jpg\" alt=\"\" class=\"wp-image-8781\"\/><\/figure>\n\n\n\n<p>C\u00f3mico, aunque podr\u00eda haber sido cantante si no fuera por la voz&#8230; Muy negado para jugar al f\u00fatbol y muy vago para estudiar, se despert\u00f3 temprano una ma\u00f1ana y eso le marcar\u00eda para toda la vida.<\/p>\n\n\n\n<p>Recientemente pudimos verlo en Telecinco como \u00abcuentachistes\u00bb del programa \u00bb Al Ataque!!!\u00bb.<\/p>\n\n\n\n<p>Locutor de radio desde hace a\u00f1os, en programas como \u00abHerrera en la Onda\u00bb, de Onda Cero, \u00abLa Luna en Cope\u00bb y actualmente en \u00abProtagonistas\u00bb de Punto Radio.<\/p>\n\n\n\n<p>Patea los escenarios con su show de Stand Up Comedy en el que a veces comparte el escenario con una guitarra que le recuerda porque no se hizo cantante.<\/p>\n\n\n\n<p>Entrada gratuita, reservas&nbsp; hasta el viernes previo al esp\u00e9ctaculo a las 12h. :<\/p>\n\n\n\n<!--more-->\n\n\n\n<p>\u2013 Por correo electr\u00f3nico: centrocultural@mediocudeyo.es<\/p>\n\n\n\n<p>\u2013 Por Whatsapp o tel\u00e9fono: 942 522 685<\/p>\n\n\n\n<p>Es necesario para realizar la reserva aportar los siguientes datos de tod@s los asistentes: nombre completo, DNI (de los menores si tienen tambi\u00e9n), tel\u00e9fono de contacto y edad de los menores.<\/p>\n\n\n\n<p>Medidas de seguridad:<\/p>\n\n\n\n<p>Entrada y salida escalonada.<\/p>\n\n\n\n<p>Aforo reducido preservando la distancia interpersonal.<\/p>\n\n\n\n<p>Uso de mascarilla durante todo el espect\u00e1culo.<\/p>\n\n\n\n<p>Uso de gel hidro-alcoh\u00f3lico.<\/p>\n","protected":false},"excerpt":{"rendered":"<p>C\u00f3mico, aunque podr\u00eda haber sido cantante si no fuera por la voz&#8230; Muy negado para jugar al f\u00fatbol y muy vago para estudiar, se despert\u00f3 temprano una ma\u00f1ana y eso [&hellip;]<\/p>\n","protected":false},"author":4,"featured_media":0,"comment_status":"closed","ping_status":"closed","sticky":false,"template":"","format":"standard","meta":{"footnotes":""},"categories":[59],"tags":[58,417,82],"class_list":["post-8780","post","type-post","status-publish","format-standard","hentry","category-cultura","tag-centro-cultural-ramon-pelayo","tag-comedia","tag-fusionarte"],"_links":{"self":[{"href":"https:\/\/mediocudeyo.es\/web\/wp-json\/wp\/v2\/posts\/8780"}],"collection":[{"href":"https:\/\/mediocudeyo.es\/web\/wp-json\/wp\/v2\/posts"}],"about":[{"href":"https:\/\/mediocudeyo.es\/web\/wp-json\/wp\/v2\/types\/post"}],"author":[{"embeddable":true,"href":"https:\/\/mediocudeyo.es\/web\/wp-json\/wp\/v2\/users\/4"}],"replies":[{"embeddable":true,"href":"https:\/\/mediocudeyo.es\/web\/wp-json\/wp\/v2\/comments?post=8780"}],"version-history":[{"count":0,"href":"https:\/\/mediocudeyo.es\/web\/wp-json\/wp\/v2\/posts\/8780\/revisions"}],"wp:attachment":[{"href":"https:\/\/mediocudeyo.es\/web\/wp-json\/wp\/v2\/media?parent=8780"}],"wp:term":[{"taxonomy":"category","embeddable":true,"href":"https:\/\/mediocudeyo.es\/web\/wp-json\/wp\/v2\/categories?post=8780"},{"taxonomy":"post_tag","embeddable":true,"href":"https:\/\/mediocudeyo.es\/web\/wp-json\/wp\/v2\/tags?post=8780"}],"curies":[{"name":"wp","href":"https:\/\/api.w.org\/{rel}","templated":true}]}}