{"id":8942,"date":"2020-11-13T10:21:56","date_gmt":"2020-11-13T09:21:56","guid":{"rendered":"http:\/\/mediocudeyo.es\/web\/?p=8942"},"modified":"2020-11-13T10:21:56","modified_gmt":"2020-11-13T09:21:56","slug":"concurso-tik-tok-25n-para-jovenes","status":"publish","type":"post","link":"https:\/\/mediocudeyo.es\/web\/concurso-tik-tok-25n-para-jovenes\/","title":{"rendered":"CONCURSO TIK TOK 25N PARA J\u00d3VENES"},"content":{"rendered":"\n<figure class=\"wp-block-image\"><img decoding=\"async\" src=\"http:\/\/mediocudeyo.es\/web\/wp-content\/uploads\/2020\/11\/Concurso-Tik-Tok.-Cartel-JPG-724x1024.jpeg\" alt=\"\" class=\"wp-image-8954\"\/><\/figure>\n\n\n\n<p>Este\n25 de noviembre y con motivo del D\u00eda Internacional de la Eliminaci\u00f3n de la\nViolencia contra la Mujer, proponemos una actividad para que los y las j\u00f3venes\nde Medio Cudeyo puedan reflexionar sobre lo bueno y lo malo de las relaciones.<\/p>\n\n\n\n<p>Detectar\nlo que es maltrato o un s\u00edntoma de que esa relaci\u00f3n es o comienza a ser t\u00f3xica,\nes fundamental sobre todo en edades tempranas para poder pedir ayuda o tener las\nherramientas necesarias para romper con esa relaci\u00f3n.<\/p>\n\n\n\n<p>La\npropuesta consiste en que los y las j\u00f3venes, a trav\u00e9s de la red social Tik Tok\ny ayud\u00e1ndose de un tema musical de fondo, realicen un v\u00eddeo corto en el que se\nmuestren acciones que \u201cno son amor\u201d.<\/p>\n\n\n\n<p><em>Por ejemplo<\/em>: una conversaci\u00f3n de\nwhatsapp con la pareja, en la que se muestran celos, desconfianza y control\u2026 y se\ndecida a eliminar o bloquear a ese contacto mientras se baila y canta la\ncanci\u00f3n.<\/p>\n\n\n\n<p>Para\nello se utilizar\u00e1 un hashtag com\u00fan, de forma que los v\u00eddeos queden\netiquetados&nbsp; para poder acceder al\nconcurso. <\/p>\n\n\n\n<p>La\ncanci\u00f3n propuesta es:<\/p>\n\n\n\n<p><strong>Lo malo \u2013 Aitana y Ana guerra<\/strong><\/p>\n\n\n\n<p><strong>Hashtag:&nbsp;&nbsp;&nbsp;&nbsp;\n<\/strong>#cortaLoMaloMC<\/p>\n\n\n\n<p><strong>BASES DEL CONCURSO DE\nTIKTOK #cortaLoMaloMC<\/strong><\/p>\n\n\n\n<!--more-->\n\n\n\n<p>Los\nparticipantes podr\u00e1n crear v\u00eddeos a trav\u00e9s de la plataforma TikTok, de estilo\nlibre, con la tem\u00e1tica com\u00fan&nbsp;\n\u201cEliminaci\u00f3n de la violencia de cualquier tipo contra la mujer en las\nrelaciones. Acciones que NO son amor\u201d. Los v\u00eddeos subidos se etiquetar\u00e1n&nbsp; con el hashtag #cortaLoMaloMC , usar\u00e1n la canci\u00f3n Lo Malo, de\nAitana y Ana Guerra, y podr\u00e1n ser publicados en esta red social desde el 23 de\nnoviembre de 2020 a las 00:00h hasta el 29 de noviembre de 2020 a las 23:59h.<\/p>\n\n\n\n<p><strong>Requisitos de los v\u00eddeos:<\/strong><\/p>\n\n\n\n<ul class=\"wp-block-list\"><li>Los v\u00eddeos deber\u00e1n ser originales y propios de\nlos autores a quienes pertenezcan las cuentas desde las que se concursa. <\/li><li>S\u00f3lo se admitir\u00e1 un v\u00eddeo por participante y\ncuenta de Tik tok.<\/li><li>No se admitir\u00e1n v\u00eddeos ofensivos o que atenten\ncontra los derechos de terceras personas.<\/li><li>La duraci\u00f3n m\u00e1xima ser\u00e1 de 60 segundos&nbsp; y podr\u00e1 incluir humor, baile, efectos\nespeciales\u2026 cu\u00e1nta creatividad tenga la persona que lo hace.<\/li><li>En este caso, el jurado estar\u00e1 compuesto por\nespecialistas del \u00e1mbito de la cultura audiovisual y la creatividad en redes\nsociales.<\/li><\/ul>\n\n\n\n<p><strong>Participantes:<\/strong><\/p>\n\n\n\n<ul class=\"wp-block-list\"><li>Podr\u00e1n participar personas de entre 15 y 30 a\u00f1os\nde edad, residentes o nacidas en Medio Cudeyo, o que est\u00e9n escolarizados en\ncentros educativos del municipio.<\/li><li>Para inscribirse hay que mandar un e-mail a <a href=\"mailto:juventud@mediocudeyo.es\">juventud@mediocudeyo.es<\/a> con los\nsiguientes datos, y poner en el Asunto: \u201cConcurso TikTok\u201d<\/li><li>Datos: Nombre, apellidos, edad, tel\u00e9fono y\ncorreo electr\u00f3nico de contacto, y nombre de usuario en TikTok. En caso de\nmenores de edad, deber\u00e1n incluir adjunta una autorizaci\u00f3n de sus tutores\nlegales, debidamente firmada.<\/li><li>No podr\u00e1n aparecer en los v\u00eddeos personas o\nmenores que no hayan dado su consentimiento para ello, y en caso de menores,\nque no tengan la debida autorizaci\u00f3n legal de sus padres o tutores legales. <\/li><li>De acuerdo a la normativa sanitaria vigente, no\npodr\u00e1n aparecer m\u00e1s de 6 j\u00f3venes en los v\u00eddeos, debiendo si es as\u00ed, hacer uso\nobligatorio de la mascarilla como elemento de protecci\u00f3n.<\/li><li>Los j\u00f3venes, por el hecho de participar, se\nhacen responsables de cumplir con los requisitos del concurso. La organizaci\u00f3n\nse reserva la posibilidad de no incluirles en el mismo si se detecta un\nincumplimiento.<\/li><\/ul>\n\n\n\n<p><strong>Premios:<\/strong><\/p>\n\n\n\n<p>Primer\ny segundo premio: vale de 200 euros y 100 euros, respectivamente, para material\ntecnol\u00f3gico (como auriculares o altavoces bluetooth, m\u00f3viles, tablets, etc.).<\/p>\n\n\n\n<p>Tercer,\ncuarto y quinto premio: 1 Bono por valor de 40 euros a gastar dentro del\nmunicipio de Medio Cudeyo, para &nbsp;adquirir\nmaterial cultural (libros, material escolar, etc.), entradas para espect\u00e1culos\nen vivo (teatro o m\u00fasica), cine e inscripciones para cursos y talleres culturales\ny creativos.<\/p>\n\n\n\n<p>Los\npremiados se anunciar\u00e1n el d\u00eda 30 de noviembre a trav\u00e9s de las redes sociales\nde Juventud (Facebook, Instagram, Twitter y Tik-tok) de Medio Cudeyo: <em>Medio Cudeyo Juventud<\/em>.<\/p>\n\n\n\n<p>La\norganizaci\u00f3n se reserva la potestad para dejar desiertos los premios si no se\ncontara con los m\u00ednimos elementos a valorar en los v\u00eddeos presentados.<\/p>\n\n\n\n<p><strong>Jurado:<\/strong><\/p>\n\n\n\n<p>El\njurado estar\u00e1 compuesto por las siguientes personas<\/p>\n\n\n\n<p>-Juventud:\nPatricia Antol\u00edn, (Informadora Juvenil), o quien le sustituya legalmente.<\/p>\n\n\n\n<p>-Igualdad:\nAna&nbsp; Fern\u00e1ndez. Educadora Social<\/p>\n\n\n\n<p>&#8211;\nAudiovisual: Javier Gil (profesor de la Escuela Municipal de Fotograf\u00eda), o\nquien le sustituya legalmente.<\/p>\n\n\n\n<p>&#8211;\nRepresentante de la Juventud de Medio Cudeyo: Nirvana P\u00e9rez Moreno, alumna de\nlas Escuelas Culturales de Medio Cudeyo<\/p>\n\n\n\n<p>Se\nvalorar\u00e1:<\/p>\n\n\n\n<ul class=\"wp-block-list\"><li>La relaci\u00f3n del v\u00eddeo con la tem\u00e1tica: las\nacciones que NO son amor.<\/li><li>La creatividad en el mismo.<\/li><li>El impacto que tenga en el entorno juvenil<\/li><\/ul>\n","protected":false},"excerpt":{"rendered":"<p>Este 25 de noviembre y con motivo del D\u00eda Internacional de la Eliminaci\u00f3n de la Violencia contra la Mujer, proponemos una actividad para que los y las j\u00f3venes de Medio [&hellip;]<\/p>\n","protected":false},"author":4,"featured_media":0,"comment_status":"closed","ping_status":"closed","sticky":false,"template":"","format":"standard","meta":{"footnotes":""},"categories":[49],"tags":[421,113,422,106,68],"class_list":["post-8942","post","type-post","status-publish","format-standard","hentry","category-juventud","tag-cortalomalomc","tag-juventud","tag-25n","tag-concurso","tag-igualdad"],"_links":{"self":[{"href":"https:\/\/mediocudeyo.es\/web\/wp-json\/wp\/v2\/posts\/8942"}],"collection":[{"href":"https:\/\/mediocudeyo.es\/web\/wp-json\/wp\/v2\/posts"}],"about":[{"href":"https:\/\/mediocudeyo.es\/web\/wp-json\/wp\/v2\/types\/post"}],"author":[{"embeddable":true,"href":"https:\/\/mediocudeyo.es\/web\/wp-json\/wp\/v2\/users\/4"}],"replies":[{"embeddable":true,"href":"https:\/\/mediocudeyo.es\/web\/wp-json\/wp\/v2\/comments?post=8942"}],"version-history":[{"count":0,"href":"https:\/\/mediocudeyo.es\/web\/wp-json\/wp\/v2\/posts\/8942\/revisions"}],"wp:attachment":[{"href":"https:\/\/mediocudeyo.es\/web\/wp-json\/wp\/v2\/media?parent=8942"}],"wp:term":[{"taxonomy":"category","embeddable":true,"href":"https:\/\/mediocudeyo.es\/web\/wp-json\/wp\/v2\/categories?post=8942"},{"taxonomy":"post_tag","embeddable":true,"href":"https:\/\/mediocudeyo.es\/web\/wp-json\/wp\/v2\/tags?post=8942"}],"curies":[{"name":"wp","href":"https:\/\/api.w.org\/{rel}","templated":true}]}}