{"id":9064,"date":"2020-12-01T08:49:17","date_gmt":"2020-12-01T07:49:17","guid":{"rendered":"http:\/\/mediocudeyo.es\/web\/?p=9064"},"modified":"2020-12-01T08:49:17","modified_gmt":"2020-12-01T07:49:17","slug":"programa-de-conciliacion-vacaciones-de-navidad-2","status":"publish","type":"post","link":"https:\/\/mediocudeyo.es\/web\/programa-de-conciliacion-vacaciones-de-navidad-2\/","title":{"rendered":"PROGRAMA DE CONCILIACI\u00d3N \u00abVACACIONES DE NAVIDAD\u00bb"},"content":{"rendered":"\n<figure class=\"wp-block-image\"><img decoding=\"async\" src=\"http:\/\/mediocudeyo.es\/web\/wp-content\/uploads\/2020\/12\/Cartel-Vacaciones-Navidad-2020-21-724x1024.jpg\" alt=\"\" class=\"wp-image-9065\"\/><\/figure>\n\n\n\n<p>SOLICITUD DE PLAZA: Del 2 al 17 de diciembre ambos inclusive. <\/p>\n\n\n\n<p><a href=\"http:\/\/mediocudeyo.es\/web\/documentos-publicos\/\">IMPRESO DE SOLICITUD DE PLAZA Y DECLARACI\u00d3N RESPONSABLE <\/a><\/p>\n\n\n\n<!--more-->\n\n\n\n<p>Criterios de admisi\u00f3n:<\/p>\n\n\n\n<p class=\"has-text-color has-very-dark-gray-color\">1.- Ni\u00f1as y ni\u00f1os empadronados en Medio Cudeyo cuyos padres o tutores legales est\u00e9n trabajando en el horario en que se presta el servicio (De 8.00 a 14.00 h.), este criterio incluye familias monoparentales.<\/p>\n\n\n\n<p>2.-Ni\u00f1as y ni\u00f1os no empadronados en Medio Cudeyo que\nasistan a los Centros Educativos del Municipio Cudeyo cuyos padres o tutores\nlegales est\u00e9n trabajando en el horario en que se presta el servicio (De 8.00 a\n14.00) &nbsp;( este criterio incluye familias\nmonoparentales).<\/p>\n\n\n\n<p>3.-Si hubiera m\u00e1s solicitudes que plazas se aplicar\u00e1\nel criterio de renta econ\u00f3mica.<\/p>\n\n\n\n<p>Documentaci\u00f3n a presentar &nbsp;(junto a la solicitud):<\/p>\n\n\n\n<p><strong>&#8211;<\/strong>Documentos justificativos de estar trabajando madre, padre y\/o tutor en el horario en que est\u00e1 programado el servicio de 8.00 a 14.00 (Certificado de empresa, Declaraci\u00f3n Responsable en caso de aut\u00f3nomos y aut\u00f3nomas).<\/p>\n\n\n\n<p>-Declaraci\u00f3n responsable cumplimentada y firmada<\/p>\n\n\n\n<p><strong>&#8211;<\/strong>Documentaci\u00f3n acreditativa de Familia Numerosa<\/p>\n\n\n\n<p><strong>&#8211;<\/strong>Documentaci\u00f3n acreditativa de Familia Monoparental<\/p>\n\n\n\n<p><em>(Podr\u00e1 requerirse la declaraci\u00f3n de la renta del a\u00f1o 2018 en caso de necesidad)<\/em><\/p>\n\n\n\n<p><strong>&nbsp;&nbsp;&nbsp; &nbsp;<\/strong>PUBLICACI\u00d3N ADMITIDOS\/AS: &nbsp;18 de diciembre<\/p>\n\n\n\n<p>PAGO DE\nMATR\u00cdCULAS: Del&nbsp; 18 al 22 de\ndiciembre (Una vez se confirme la plaza adjudicada) <\/p>\n\n\n\n<p>Documentaci\u00f3n\na presentar:<\/p>\n\n\n\n<ul class=\"wp-block-list\"><li><strong>&nbsp;<\/strong>Resguardo de pago al contado (Concepto: Nombre y apellidos del ni\u00f1o\/a + Navidad)<\/li><\/ul>\n\n\n\n<p>Todos los tr\u00e1mites se\nrealizar\u00e1n prioritariamente por v\u00eda telem\u00e1tica en el\ncorreo-e: <a href=\"mailto:centrocultural@mediocudeyo.es\">centrocultural@mediocudeyo.es<\/a> o por\nWhatsApp: 942522685<\/p>\n\n\n\n<p>La no\npresentaci\u00f3n de toda la documentaci\u00f3n en tiempo y forma se entender\u00e1 como la\nrenuncia a la plaza adjudicada y se pasar\u00e1 al siguiente ni\u00f1o\/a en lista\nde espera.<\/p>\n","protected":false},"excerpt":{"rendered":"<p>SOLICITUD DE PLAZA: Del 2 al 17 de diciembre ambos inclusive. IMPRESO DE SOLICITUD DE PLAZA Y DECLARACI\u00d3N RESPONSABLE<\/p>\n","protected":false},"author":4,"featured_media":0,"comment_status":"closed","ping_status":"closed","sticky":false,"template":"","format":"standard","meta":{"footnotes":""},"categories":[39],"tags":[113,109,99,407,423],"class_list":["post-9064","post","type-post","status-publish","format-standard","hentry","category-educacion","tag-juventud","tag-conciliacion","tag-educacion","tag-infancia","tag-vacaciones-navidad"],"_links":{"self":[{"href":"https:\/\/mediocudeyo.es\/web\/wp-json\/wp\/v2\/posts\/9064"}],"collection":[{"href":"https:\/\/mediocudeyo.es\/web\/wp-json\/wp\/v2\/posts"}],"about":[{"href":"https:\/\/mediocudeyo.es\/web\/wp-json\/wp\/v2\/types\/post"}],"author":[{"embeddable":true,"href":"https:\/\/mediocudeyo.es\/web\/wp-json\/wp\/v2\/users\/4"}],"replies":[{"embeddable":true,"href":"https:\/\/mediocudeyo.es\/web\/wp-json\/wp\/v2\/comments?post=9064"}],"version-history":[{"count":0,"href":"https:\/\/mediocudeyo.es\/web\/wp-json\/wp\/v2\/posts\/9064\/revisions"}],"wp:attachment":[{"href":"https:\/\/mediocudeyo.es\/web\/wp-json\/wp\/v2\/media?parent=9064"}],"wp:term":[{"taxonomy":"category","embeddable":true,"href":"https:\/\/mediocudeyo.es\/web\/wp-json\/wp\/v2\/categories?post=9064"},{"taxonomy":"post_tag","embeddable":true,"href":"https:\/\/mediocudeyo.es\/web\/wp-json\/wp\/v2\/tags?post=9064"}],"curies":[{"name":"wp","href":"https:\/\/api.w.org\/{rel}","templated":true}]}}