{"id":9313,"date":"2021-01-28T11:27:28","date_gmt":"2021-01-28T10:27:28","guid":{"rendered":"http:\/\/mediocudeyo.es\/web\/?p=9313"},"modified":"2021-01-28T11:27:28","modified_gmt":"2021-01-28T10:27:28","slug":"mas-alla-de-los-libros","status":"publish","type":"post","link":"https:\/\/mediocudeyo.es\/web\/mas-alla-de-los-libros\/","title":{"rendered":"M\u00c1S ALL\u00c1 DE LOS LIBROS"},"content":{"rendered":"\n<figure class=\"wp-block-image\"><img decoding=\"async\" src=\"http:\/\/mediocudeyo.es\/web\/wp-content\/uploads\/2021\/01\/BIBLIOTECA.-Actividades-viernes-CARTEL-jpg-724x1024.jpeg\" alt=\"\" class=\"wp-image-9314\"\/><\/figure>\n\n\n\n<p>Empezamos febrero con novedades en la Biblioteca.<br>Vuelven las actividades de animaci\u00f3n a la lectura para los ni\u00f1os y ni\u00f1as de Medio  Cudeyo. Esta vez no puede ser presencial, as\u00ed que nos reinventamos  para ofreceros actividades culturales en redes sociales. <\/p>\n\n\n\n<p> Informaci\u00f3n:<\/p>\n\n\n\n<ul class=\"wp-block-list\"><li>\u00bfCuando?  Todos los viernes de febrero.<\/li><\/ul>\n\n\n\n<ul class=\"wp-block-list\"><li>\u00bfA que hora? A partir de 17:00 horas.<\/li><\/ul>\n\n\n\n<ul class=\"wp-block-list\"><li>\u00bfDonde?  En Facebook e Instagram.<\/li><\/ul>\n\n\n\n<ul class=\"wp-block-list\"><li>No es necesaria inscripci\u00f3n previa, con\u00e9ctate y listo. <\/li><\/ul>\n","protected":false},"excerpt":{"rendered":"<p>Empezamos febrero con novedades en la Biblioteca.Vuelven las actividades de animaci\u00f3n a la lectura para los ni\u00f1os y ni\u00f1as de Medio Cudeyo. Esta vez no puede ser presencial, as\u00ed que [&hellip;]<\/p>\n","protected":false},"author":4,"featured_media":0,"comment_status":"closed","ping_status":"closed","sticky":false,"template":"","format":"standard","meta":{"footnotes":""},"categories":[59],"tags":[178,374,58],"class_list":["post-9313","post","type-post","status-publish","format-standard","hentry","category-cultura","tag-animacion-a-la-lectura","tag-biblioteca-municipal","tag-centro-cultural-ramon-pelayo"],"_links":{"self":[{"href":"https:\/\/mediocudeyo.es\/web\/wp-json\/wp\/v2\/posts\/9313"}],"collection":[{"href":"https:\/\/mediocudeyo.es\/web\/wp-json\/wp\/v2\/posts"}],"about":[{"href":"https:\/\/mediocudeyo.es\/web\/wp-json\/wp\/v2\/types\/post"}],"author":[{"embeddable":true,"href":"https:\/\/mediocudeyo.es\/web\/wp-json\/wp\/v2\/users\/4"}],"replies":[{"embeddable":true,"href":"https:\/\/mediocudeyo.es\/web\/wp-json\/wp\/v2\/comments?post=9313"}],"version-history":[{"count":0,"href":"https:\/\/mediocudeyo.es\/web\/wp-json\/wp\/v2\/posts\/9313\/revisions"}],"wp:attachment":[{"href":"https:\/\/mediocudeyo.es\/web\/wp-json\/wp\/v2\/media?parent=9313"}],"wp:term":[{"taxonomy":"category","embeddable":true,"href":"https:\/\/mediocudeyo.es\/web\/wp-json\/wp\/v2\/categories?post=9313"},{"taxonomy":"post_tag","embeddable":true,"href":"https:\/\/mediocudeyo.es\/web\/wp-json\/wp\/v2\/tags?post=9313"}],"curies":[{"name":"wp","href":"https:\/\/api.w.org\/{rel}","templated":true}]}}