{"id":9320,"date":"2021-02-01T08:44:14","date_gmt":"2021-02-01T07:44:14","guid":{"rendered":"http:\/\/mediocudeyo.es\/web\/?p=9320"},"modified":"2021-02-01T08:44:14","modified_gmt":"2021-02-01T07:44:14","slug":"filmoteca-el-cuento-de-las-comadrejas","status":"publish","type":"post","link":"https:\/\/mediocudeyo.es\/web\/filmoteca-el-cuento-de-las-comadrejas\/","title":{"rendered":"FILMOTECA: EL CUENTO DE LAS COMADREJAS"},"content":{"rendered":"\n<figure class=\"wp-block-image\"><img decoding=\"async\" src=\"http:\/\/mediocudeyo.es\/web\/wp-content\/uploads\/2021\/02\/el_cuento_de_las_comadrejas-237163843-large-728x1024.jpg\" alt=\"\" class=\"wp-image-9321\"\/><\/figure>\n\n\n\n<p>Domingo 7 de febrero, 18:00 h.<\/p>\n\n\n\n<p>Centro Cultural Ram\u00f3n Pelayo (Solares)<\/p>\n\n\n\n<p>Precio \u00fanico: 2,50\u20ac<\/p>\n\n\n\n<p>Medidas de seguridad:<\/p>\n\n\n\n<p>No es necesaria reserva previa.<\/p>\n\n\n\n<p>Entrada y salida escalonada.<\/p>\n\n\n\n<p>Aforo reducido preservando la distancia interpersonal.<\/p>\n\n\n\n<p>Uso de mascarilla durante todo el espect\u00e1culo.<\/p>\n\n\n\n<p>Uso de gel hidro-alcoh\u00f3lico.<\/p>\n\n\n\n<!--more-->\n\n\n\n<p>T\u00edtulo original: El cuento de las comadrejas        <\/p>\n\n\n\n<p>Calificaci\u00f3n: NO  RECOMENDADA PARA MENORES DE DOCE A\u00d1OS                                                                                                                                                                                                                                           <\/p>\n\n\n\n<p>A\u00f1o: 2019             <\/p>\n\n\n\n<p>Duraci\u00f3n: 129 min.             <\/p>\n\n\n\n<p>Pa\u00eds: Argentina             <\/p>\n\n\n\n<p>Direcci\u00f3n: <a href=\"https:\/\/www.filmaffinity.com\/es\/search.php?stype=director&amp;sn&amp;stext=Juan%20Jos%C3%A9%20Campanella\">Juan Jos\u00e9 Campanella<\/a>                        <\/p>\n\n\n\n<p>Guion: Juan Jos\u00e9 Campanella, Darren Kloomok (Historia original: Augusto Giustozzi, Jos\u00e9 A. Mart\u00ednez Su\u00e1rez)             <\/p>\n\n\n\n<p>M\u00fasica: Emilio Kauderer             <\/p>\n\n\n\n<p>Fotograf\u00eda: F\u00e9lix Monti            <\/p>\n\n\n\n<p>Reparto: <a href=\"https:\/\/www.filmaffinity.com\/es\/search.php?stype=cast&amp;sn&amp;stext=Graciela%20Borges\">Graciela Borges<\/a>, <a href=\"https:\/\/www.filmaffinity.com\/es\/search.php?stype=cast&amp;sn&amp;stext=Oscar%20Mart%C3%ADnez\">Oscar Mart\u00ednez<\/a>, <a href=\"https:\/\/www.filmaffinity.com\/es\/search.php?stype=cast&amp;sn&amp;stext=Luis%20Brandoni\">Luis Brandoni<\/a>, <a href=\"https:\/\/www.filmaffinity.com\/es\/search.php?stype=cast&amp;sn&amp;stext=Clara%20Lago\">Clara Lago<\/a>, <a href=\"https:\/\/www.filmaffinity.com\/es\/search.php?stype=cast&amp;sn&amp;stext=Marcos%20Mundstock\">Marcos Mundstock<\/a>, <a href=\"https:\/\/www.filmaffinity.com\/es\/search.php?stype=cast&amp;sn&amp;stext=Nicol%C3%A1s%20Francella\">Nicol\u00e1s Francella<\/a>, <a href=\"https:\/\/www.filmaffinity.com\/es\/search.php?stype=cast&amp;sn&amp;stext=Maru%20Zapata\">Maru Zapata<\/a>                         <\/p>\n\n\n\n<p>Productora: Co-production Argentina-Espa\u00f1a; 100 Bares, Telef\u00e9, Tornasol Films, INCAA                         <\/p>\n\n\n\n<p>G\u00e9nero:  <a href=\"https:\/\/www.filmaffinity.com\/es\/moviegenre.php?genre=CO&amp;attr=rat_count&amp;nodoc\">Comedia<\/a>.  <a href=\"https:\/\/www.filmaffinity.com\/es\/moviegenre.php?genre=INT&amp;attr=rat_count&amp;nodoc\">Intriga<\/a>.  <a href=\"https:\/\/www.filmaffinity.com\/es\/moviegenre.php?genre=DR&amp;attr=rat_count&amp;nodoc\">Drama<\/a> | <a href=\"https:\/\/www.filmaffinity.com\/es\/movietopic.php?topic=197567&amp;attr=rat_count&amp;nodoc\">Remake<\/a>. <a href=\"https:\/\/www.filmaffinity.com\/es\/movietopic.php?topic=997718&amp;attr=rat_count&amp;nodoc\">Comedia negra<\/a>     <\/p>\n\n\n\n<p>Sinopsis: Remake de la pel\u00edcula &#8216;Los  muchachos de antes no usaban ars\u00e9nico&#8217;, cuenta la historia de una bella  estrella de la \u00e9poca dorada del cine, un actor en el ocaso de su vida,  un escritor cinematogr\u00e1fico frustrado y un viejo director hacen lo  imposible por conservar el mundo que han creado en una vieja mansi\u00f3n  ante la llegada de dos j\u00f3venes que presentan una amenaza que lo puede  poner todo en peligro.  <\/p>\n\n\n\n<p><a href=\"https:\/\/www.youtube.com\/watch?v=jQnEOKTcYpk\" data-rel=\"lightbox-video-0\">TRAILER \u00abEL CUENTO DE LAS COMADREJAS\u00bb<\/a><\/p>\n","protected":false},"excerpt":{"rendered":"<p>Domingo 7 de febrero, 18:00 h. Centro Cultural Ram\u00f3n Pelayo (Solares) Precio \u00fanico: 2,50\u20ac Medidas de seguridad: No es necesaria reserva previa. Entrada y salida escalonada. Aforo reducido preservando la [&hellip;]<\/p>\n","protected":false},"author":4,"featured_media":0,"comment_status":"closed","ping_status":"closed","sticky":false,"template":"","format":"standard","meta":{"footnotes":""},"categories":[59],"tags":[58,116,117],"class_list":["post-9320","post","type-post","status-publish","format-standard","hentry","category-cultura","tag-centro-cultural-ramon-pelayo","tag-cine","tag-filmoteca"],"_links":{"self":[{"href":"https:\/\/mediocudeyo.es\/web\/wp-json\/wp\/v2\/posts\/9320"}],"collection":[{"href":"https:\/\/mediocudeyo.es\/web\/wp-json\/wp\/v2\/posts"}],"about":[{"href":"https:\/\/mediocudeyo.es\/web\/wp-json\/wp\/v2\/types\/post"}],"author":[{"embeddable":true,"href":"https:\/\/mediocudeyo.es\/web\/wp-json\/wp\/v2\/users\/4"}],"replies":[{"embeddable":true,"href":"https:\/\/mediocudeyo.es\/web\/wp-json\/wp\/v2\/comments?post=9320"}],"version-history":[{"count":0,"href":"https:\/\/mediocudeyo.es\/web\/wp-json\/wp\/v2\/posts\/9320\/revisions"}],"wp:attachment":[{"href":"https:\/\/mediocudeyo.es\/web\/wp-json\/wp\/v2\/media?parent=9320"}],"wp:term":[{"taxonomy":"category","embeddable":true,"href":"https:\/\/mediocudeyo.es\/web\/wp-json\/wp\/v2\/categories?post=9320"},{"taxonomy":"post_tag","embeddable":true,"href":"https:\/\/mediocudeyo.es\/web\/wp-json\/wp\/v2\/tags?post=9320"}],"curies":[{"name":"wp","href":"https:\/\/api.w.org\/{rel}","templated":true}]}}