{"id":9339,"date":"2021-02-03T14:41:06","date_gmt":"2021-02-03T13:41:06","guid":{"rendered":"http:\/\/mediocudeyo.es\/web\/?p=9339"},"modified":"2021-02-03T14:41:06","modified_gmt":"2021-02-03T13:41:06","slug":"comunicado-municipal-del-ayuntamiento-de-medio-cudeyo","status":"publish","type":"post","link":"https:\/\/mediocudeyo.es\/web\/comunicado-municipal-del-ayuntamiento-de-medio-cudeyo\/","title":{"rendered":"COMUNICADO MUNICIPAL DEL AYUNTAMIENTO DE MEDIO CUDEYO"},"content":{"rendered":"\n<figure class=\"wp-block-image\"><img decoding=\"async\" src=\"http:\/\/mediocudeyo.es\/web\/wp-content\/uploads\/2021\/02\/ESCUDO-AYTO.-MEDIO-CUDEYO.jpg\" alt=\"\" class=\"wp-image-9352\"\/><\/figure>\n\n\n<p>COMUNICADO MUNICIPAL DEL AYUNTAMIENTO DE MEDIO CUDEYO<\/p>\n<p>En la reuni\u00f3n mantenida esta ma\u00f1ana con el Consejero de Sanidad, Miguel Rodr\u00edguez, y el director General de Salud P\u00fablica, Reinhard Wallmann, nos han comunicado que actualmente Medio Cudeyo no alcanza los criterios epidemiol\u00f3gicos principales para su cierre perimetral.<br>Los indicadores negativos de la semana pasada han mejorado ligeramente en los \u00faltimos d\u00edas.<br>La Incidencia Acumulada (IA) a 14 d\u00edas lleva varias jornadas bajando, la positividad est\u00e1 por debajo del 10%, la trazabilidad es del 90% y la ocupaci\u00f3n de camas de hospitalizaci\u00f3n por casos de Covid-19 del hospital de referencia (H. Universitario Marqu\u00e9s de Valdecilla) del municipio est\u00e1 por encima del 10%.<br>Con estos datos, de momento, Medio Cudeyo no tiene un nivel de riesgo diferente al resto de municipios no perimetrados de Cantabria, por lo que NO ES PRECISO AISLAR el municipio, aunque la Consejer\u00eda de Sanidad seguir\u00e1 muy de cerca la evoluci\u00f3n epidemiol\u00f3gica y la evoluci\u00f3n de nuestros datos.<br>Es una gran noticia para nuestro municipio y debemos continuar mejorando nuestra situaci\u00f3n sanitaria por el bien de toda la poblaci\u00f3n.<br>Cada caso de COVID y cada brote que ocurra es un riesgo enorme de personas que pueden desarrollar la enfermedad de forma grave y que puede fallecer. Que nuestra prudencia vaya m\u00e1s all\u00e1 de los puramente \u201cobligatorio\u201d.<\/p>\n<p>\u00a1RECORDEMOS QUE NO TODO LO PERMITIDO ES SEGURO!<\/p>\n<p>\u00a1EVITEMOS ACTIVIDADES Y ACTOS SOCIALES INNECESARIOS E INCIVICOS!<\/p>\n<p><\/p>","protected":false},"excerpt":{"rendered":"<p>COMUNICADO MUNICIPAL DEL AYUNTAMIENTO DE MEDIO CUDEYO En la reuni\u00f3n mantenida esta ma\u00f1ana con el Consejero de Sanidad, Miguel Rodr\u00edguez, y el director General de Salud P\u00fablica, Reinhard Wallmann, nos [&hellip;]<\/p>\n","protected":false},"author":4,"featured_media":0,"comment_status":"closed","ping_status":"closed","sticky":false,"template":"","format":"standard","meta":{"footnotes":""},"categories":[111],"tags":[427,60,296],"class_list":["post-9339","post","type-post","status-publish","format-standard","hentry","category-ciudadano","tag-covid","tag-medio-cudeyo","tag-pandemia"],"_links":{"self":[{"href":"https:\/\/mediocudeyo.es\/web\/wp-json\/wp\/v2\/posts\/9339"}],"collection":[{"href":"https:\/\/mediocudeyo.es\/web\/wp-json\/wp\/v2\/posts"}],"about":[{"href":"https:\/\/mediocudeyo.es\/web\/wp-json\/wp\/v2\/types\/post"}],"author":[{"embeddable":true,"href":"https:\/\/mediocudeyo.es\/web\/wp-json\/wp\/v2\/users\/4"}],"replies":[{"embeddable":true,"href":"https:\/\/mediocudeyo.es\/web\/wp-json\/wp\/v2\/comments?post=9339"}],"version-history":[{"count":0,"href":"https:\/\/mediocudeyo.es\/web\/wp-json\/wp\/v2\/posts\/9339\/revisions"}],"wp:attachment":[{"href":"https:\/\/mediocudeyo.es\/web\/wp-json\/wp\/v2\/media?parent=9339"}],"wp:term":[{"taxonomy":"category","embeddable":true,"href":"https:\/\/mediocudeyo.es\/web\/wp-json\/wp\/v2\/categories?post=9339"},{"taxonomy":"post_tag","embeddable":true,"href":"https:\/\/mediocudeyo.es\/web\/wp-json\/wp\/v2\/tags?post=9339"}],"curies":[{"name":"wp","href":"https:\/\/api.w.org\/{rel}","templated":true}]}}