{"id":938,"date":"2016-11-29T14:01:13","date_gmt":"2016-11-29T13:01:13","guid":{"rendered":"http:\/\/mediocudeyo.es\/web\/?p=938"},"modified":"2016-11-29T14:01:13","modified_gmt":"2016-11-29T13:01:13","slug":"filmoteca-la-silla-de-fernando","status":"publish","type":"post","link":"https:\/\/mediocudeyo.es\/web\/filmoteca-la-silla-de-fernando\/","title":{"rendered":"FILMOTECA: LA SILLA DE FERNANDO"},"content":{"rendered":"<p><img fetchpriority=\"high\" decoding=\"async\" class=\"alignnone size-full wp-image-939\" src=\"http:\/\/mediocudeyo.es\/web\/wp-content\/uploads\/2016\/11\/la_silla_de_fernando-679775008-large.jpg\" alt=\"la_silla_de_fernando-679775008-large\" width=\"600\" height=\"850\" \/><\/p>\n<p>Lunes 5 de diciembre a las 20:00 h. en el Centro Cultural Ram\u00f3n Pelayo (Solares). Precio \u00fanico: 2.50\u20ac<\/p>\n<p><!--more--><\/p>\n<ul>\n<li><strong>Dirigida por:<\/strong> Luis Alegre David Trueba , 2006<\/li>\n<li><strong>Calificaci\u00f3n:<\/strong> APTA PARA TODOS LOS P\u00daBLICOS<\/li>\n<li><strong>Nacionalidad:<\/strong> ESPA\u00d1OLA<\/li>\n<li><strong>Pa\u00edses participantes:<\/strong><br \/>\nESPA\u00d1A<\/li>\n<li><strong>G\u00e9nero :<\/strong> Documental<\/li>\n<li><strong>Fecha de estreno :<\/strong> 29 de noviembre de 2006<\/li>\n<li><strong>Int\u00e9rpretes:<\/strong> con la participaci\u00f3n de , FERNANDO FERN\u00c1N-G\u00d3MEZ<\/li>\n<li><strong>Duraci\u00f3n original :<\/strong> 89 minutos<\/li>\n<\/ul>\n<h4>Sinopsis<\/h4>\n<p>Fernando Fern\u00e1n-G\u00f3mez naci\u00f3 el 28 de agosto de 1921 en Lima (Per\u00fa), durante una gira de su madre, la actriz Carola Fern\u00e1n-G\u00f3mez con la compa\u00f1\u00eda teatral Mar\u00eda Guerrero-Fernando D\u00edaz de Mendoza. Cualquiera puede apreciar sus decisivas aportaciones como actor, escritor y director de cine. Sin embargo, s\u00f3lo unos pocos privilegiados conocen hasta qu\u00e9 punto Fernando, sentado en una silla, es capaz de convertir una charla en algo m\u00e1s que una charla. Esta pel\u00edcula aspira a que esos privilegiados no sean tan pocos.<\/p>\n<p><a href=\"https:\/\/www.youtube.com\/watch?v=VlXNTF98Af8\" data-rel=\"lightbox-video-0\">TRAILER \u00abLA SILLA DE FERNANDO\u00bb<\/a><\/p>\n<p>&nbsp;<\/p>\n<p>&nbsp;<\/p>\n","protected":false},"excerpt":{"rendered":"<p>Lunes 5 de diciembre a las 20:00 h. en el Centro Cultural Ram\u00f3n Pelayo (Solares). Precio \u00fanico: 2.50\u20ac<\/p>\n","protected":false},"author":4,"featured_media":0,"comment_status":"closed","ping_status":"closed","sticky":false,"template":"","format":"standard","meta":{"footnotes":""},"categories":[59],"tags":[58,116,117],"class_list":["post-938","post","type-post","status-publish","format-standard","hentry","category-cultura","tag-centro-cultural-ramon-pelayo","tag-cine","tag-filmoteca"],"_links":{"self":[{"href":"https:\/\/mediocudeyo.es\/web\/wp-json\/wp\/v2\/posts\/938"}],"collection":[{"href":"https:\/\/mediocudeyo.es\/web\/wp-json\/wp\/v2\/posts"}],"about":[{"href":"https:\/\/mediocudeyo.es\/web\/wp-json\/wp\/v2\/types\/post"}],"author":[{"embeddable":true,"href":"https:\/\/mediocudeyo.es\/web\/wp-json\/wp\/v2\/users\/4"}],"replies":[{"embeddable":true,"href":"https:\/\/mediocudeyo.es\/web\/wp-json\/wp\/v2\/comments?post=938"}],"version-history":[{"count":0,"href":"https:\/\/mediocudeyo.es\/web\/wp-json\/wp\/v2\/posts\/938\/revisions"}],"wp:attachment":[{"href":"https:\/\/mediocudeyo.es\/web\/wp-json\/wp\/v2\/media?parent=938"}],"wp:term":[{"taxonomy":"category","embeddable":true,"href":"https:\/\/mediocudeyo.es\/web\/wp-json\/wp\/v2\/categories?post=938"},{"taxonomy":"post_tag","embeddable":true,"href":"https:\/\/mediocudeyo.es\/web\/wp-json\/wp\/v2\/tags?post=938"}],"curies":[{"name":"wp","href":"https:\/\/api.w.org\/{rel}","templated":true}]}}