{"id":9385,"date":"2021-02-08T12:57:59","date_gmt":"2021-02-08T11:57:59","guid":{"rendered":"http:\/\/mediocudeyo.es\/web\/?p=9385"},"modified":"2021-02-08T12:57:59","modified_gmt":"2021-02-08T11:57:59","slug":"filmoteca-los-informes-sobre-sarah-y-saleem","status":"publish","type":"post","link":"https:\/\/mediocudeyo.es\/web\/filmoteca-los-informes-sobre-sarah-y-saleem\/","title":{"rendered":"FILMOTECA: LOS INFORMES SOBRE SARAH Y SALEEM"},"content":{"rendered":"\n<figure class=\"wp-block-image\"><img decoding=\"async\" src=\"http:\/\/mediocudeyo.es\/web\/wp-content\/uploads\/2021\/02\/the_reports_on_sarah_and_saleem-922450654-large.jpg\" alt=\"\" class=\"wp-image-9386\"\/><\/figure>\n\n\n\n<p> <\/p>\n\n\n\n<p>Domingo 14 de febrero, 18:00 h.<\/p>\n\n\n\n<p>Centro Cultural Ram\u00f3n Pelayo (Solares)<\/p>\n\n\n\n<p>Precio \u00fanico: 2,50\u20ac<\/p>\n\n\n\n<p>Versi\u00f3n original subtitulada en espa\u00f1ol<\/p>\n\n\n\n<p>Medidas de seguridad:<\/p>\n\n\n\n<p>No es necesaria reserva previa.<\/p>\n\n\n\n<p>Entrada y salida escalonada.<\/p>\n\n\n\n<p>Aforo reducido preservando la distancia interpersonal.<\/p>\n\n\n\n<p>Uso de mascarilla durante todo el espect\u00e1culo.<\/p>\n\n\n\n<p>Uso de gel hidro-alcoh\u00f3lico.<\/p>\n\n\n\n<!--more-->\n\n\n\n<p>T\u00edtulo original: The Reports on Sarah and Saleem                                                             <\/p>\n\n\n\n<p>A\u00f1o: 2018    <\/p>\n\n\n\n<p>Calificaci\u00f3n: NO  RECOMENDADA PARA MENORES DE DOCE A\u00d1OS                                                                                                                                                                                                                                           <\/p>\n\n\n\n<p>Duraci\u00f3n: 127 min.            <\/p>\n\n\n\n<p> Pa\u00eds: Palestina            <\/p>\n\n\n\n<p> Direcci\u00f3n: <a href=\"https:\/\/www.filmaffinity.com\/es\/search.php?stype=director&amp;sn&amp;stext=Muayad%20Alayan\">Muayad Alayan<\/a>                         <\/p>\n\n\n\n<p>Guion: Rami Musa Alayan             <\/p>\n\n\n\n<p>M\u00fasica: Frank Gelat, Charlie Rishmawi, Tarek Abu Salameh             <\/p>\n\n\n\n<p>Fotograf\u00eda: Sebastian Bock            <\/p>\n\n\n\n<p>Reparto: <a href=\"https:\/\/www.filmaffinity.com\/es\/search.php?stype=cast&amp;sn&amp;stext=Ishai%20Golan\">Ishai Golan<\/a>, <a href=\"https:\/\/www.filmaffinity.com\/es\/search.php?stype=cast&amp;sn&amp;stext=Hanan%20Hillo\">Hanan Hillo<\/a>, <a href=\"https:\/\/www.filmaffinity.com\/es\/search.php?stype=cast&amp;sn&amp;stext=Maisa%20Abd%20Elhadi\">Maisa Abd Elhadi<\/a>, <a href=\"https:\/\/www.filmaffinity.com\/es\/search.php?stype=cast&amp;sn&amp;stext=Kamel%20El%20Basha\">Kamel El Basha<\/a>, <a href=\"https:\/\/www.filmaffinity.com\/es\/search.php?stype=cast&amp;sn&amp;stext=Sivane%20Kretchner\">Sivane Kretchner<\/a>, <a href=\"https:\/\/www.filmaffinity.com\/es\/search.php?stype=cast&amp;sn&amp;stext=Bashar%20Hassuneh\">Bashar Hassuneh<\/a>, <a href=\"https:\/\/www.filmaffinity.com\/es\/search.php?stype=cast&amp;sn&amp;stext=Adeeb%20Safadi\">Adeeb Safadi<\/a>, <a href=\"https:\/\/www.filmaffinity.com\/es\/search.php?stype=cast&amp;sn&amp;stext=Jan%20K%C3%BChne\">Jan K\u00fchne<\/a>, <a href=\"https:\/\/www.filmaffinity.com\/es\/search.php?stype=cast&amp;sn&amp;stext=Rebecca%20Esmeralda%20Telhami\">Rebecca Esmeralda Telhami<\/a>, <a href=\"https:\/\/www.filmaffinity.com\/es\/search.php?stype=cast&amp;sn&amp;stext=Mohammad%20Eid\">Mohammad Eid<\/a>, <a href=\"https:\/\/www.filmaffinity.com\/es\/search.php?stype=cast&amp;sn&amp;stext=Mohammad%20Titi\">Mohammad Titi<\/a>, <a href=\"https:\/\/www.filmaffinity.com\/es\/search.php?stype=cast&amp;sn&amp;stext=Amer%20Khalil\">Amer Khalil<\/a> <\/p>\n\n\n\n<p>Productora: Co-production Palestina-Pa\u00edses Bajos (Holanda)-Alemania-M\u00e9xico; KeyFilm, Manderley Films, Monofilms, Palcine Productions                         G\u00e9nero: <a href=\"https:\/\/www.filmaffinity.com\/es\/moviegenre.php?genre=DR&amp;attr=rat_count&amp;nodoc\">Drama<\/a> | <a href=\"https:\/\/www.filmaffinity.com\/es\/movietopic.php?topic=206211&amp;attr=rat_count&amp;nodoc\">Basado en hechos reales<\/a>                     <\/p>\n\n\n\n<p>Sinopsis: Drama sobre la relaci\u00f3n  ad\u00faltera de Sarah, una mujer israel\u00ed que dirige un caf\u00e9 en el oeste de  Jerusal\u00e9n, y Saleem, palestino de Jerusal\u00e9n Este que trabaja como  repartidor. Sus c\u00f3nyuges se vuelven conscientes de los enga\u00f1os de sus  parejas despu\u00e9s de que Saleem y Sarah se peleen en p\u00fablico, lo que sit\u00faa  a Saleem en el punto de mira de las fuerzas de seguridad israel\u00edes. <\/p>\n\n\n\n<p><a href=\"https:\/\/www.youtube.com\/watch?v=gU_pYdEVUvY\" data-rel=\"lightbox-video-0\">TRAILER LOS INFORMES SOBRE  SARAH Y SALEEM<\/a><\/p>\n","protected":false},"excerpt":{"rendered":"<p>Domingo 14 de febrero, 18:00 h. Centro Cultural Ram\u00f3n Pelayo (Solares) Precio \u00fanico: 2,50\u20ac Versi\u00f3n original subtitulada en espa\u00f1ol Medidas de seguridad: No es necesaria reserva previa. Entrada y salida [&hellip;]<\/p>\n","protected":false},"author":4,"featured_media":0,"comment_status":"closed","ping_status":"closed","sticky":false,"template":"","format":"standard","meta":{"footnotes":""},"categories":[59],"tags":[58,116,117],"class_list":["post-9385","post","type-post","status-publish","format-standard","hentry","category-cultura","tag-centro-cultural-ramon-pelayo","tag-cine","tag-filmoteca"],"_links":{"self":[{"href":"https:\/\/mediocudeyo.es\/web\/wp-json\/wp\/v2\/posts\/9385"}],"collection":[{"href":"https:\/\/mediocudeyo.es\/web\/wp-json\/wp\/v2\/posts"}],"about":[{"href":"https:\/\/mediocudeyo.es\/web\/wp-json\/wp\/v2\/types\/post"}],"author":[{"embeddable":true,"href":"https:\/\/mediocudeyo.es\/web\/wp-json\/wp\/v2\/users\/4"}],"replies":[{"embeddable":true,"href":"https:\/\/mediocudeyo.es\/web\/wp-json\/wp\/v2\/comments?post=9385"}],"version-history":[{"count":0,"href":"https:\/\/mediocudeyo.es\/web\/wp-json\/wp\/v2\/posts\/9385\/revisions"}],"wp:attachment":[{"href":"https:\/\/mediocudeyo.es\/web\/wp-json\/wp\/v2\/media?parent=9385"}],"wp:term":[{"taxonomy":"category","embeddable":true,"href":"https:\/\/mediocudeyo.es\/web\/wp-json\/wp\/v2\/categories?post=9385"},{"taxonomy":"post_tag","embeddable":true,"href":"https:\/\/mediocudeyo.es\/web\/wp-json\/wp\/v2\/tags?post=9385"}],"curies":[{"name":"wp","href":"https:\/\/api.w.org\/{rel}","templated":true}]}}