{"id":9389,"date":"2021-02-08T13:17:18","date_gmt":"2021-02-08T12:17:18","guid":{"rendered":"http:\/\/mediocudeyo.es\/web\/?p=9389"},"modified":"2021-02-08T13:17:18","modified_gmt":"2021-02-08T12:17:18","slug":"crearte-talleres-de-manualidades-desde-casa-para-los-mas-pequenos","status":"publish","type":"post","link":"https:\/\/mediocudeyo.es\/web\/crearte-talleres-de-manualidades-desde-casa-para-los-mas-pequenos\/","title":{"rendered":"CREARTE: TALLERES DE MANUALIDADES DESDE CASA PARA LOS MAS PEQUE\u00d1OS."},"content":{"rendered":"\n<figure class=\"wp-block-image\"><img decoding=\"async\" src=\"http:\/\/mediocudeyo.es\/web\/wp-content\/uploads\/2021\/02\/CREARTE.-Actividades-febrero.-CARTEL-JPG-1-724x1024.jpeg\" alt=\"\" class=\"wp-image-9390\"\/><\/figure>\n\n\n\n<p> Comenzamos el viernes 12 de febrero con los m\u00e1s peques de la casa, que tienen una actividad con motivo de la conmemoraci\u00f3n del D\u00eda de la Mujer y la Ciencia.<\/p>\n\n\n\n<ul class=\"wp-block-list\"><li> 17:30 horas Infantil \u00abVOLC\u00c1N DE COLORES\u00bb<\/li><\/ul>\n\n\n\n<ul class=\"wp-block-list\"><li>18:30 horas Primaria \u00abVOLC\u00c1N EN ERUPCI\u00d3N\u00bb<\/li><\/ul>\n\n\n\n<p> Facebook live: Medio Cudeyo Cultural.<\/p>\n\n\n\n<p><a href=\"https:\/\/fb.me\/e\/182afYK5z\">CON\u00c9CTATE PINCHANDO AQU\u00cd<\/a><\/p>\n\n\n\n<figure class=\"wp-block-embed\"><div class=\"wp-block-embed__wrapper\">\nhttps:\/\/fb.me\/e\/182afYK5z\n<\/div><\/figure>\n\n\n\n<p>No es necesaria inscripci\u00f3n previa, solo con\u00e9ctate.<\/p>\n\n\n\n<figure class=\"wp-block-image\"><img decoding=\"async\" src=\"http:\/\/mediocudeyo.es\/web\/wp-content\/uploads\/2021\/02\/materiales-CREARTE-febrero-1024x724.jpg\" alt=\"\" class=\"wp-image-9391\"\/><\/figure>\n\n\n\n<p>Si tienes alguna duda contacta con nosotros por tel. o Whatsapp en el 942522685 o por correo-e: centrocultural@mediocudeyo.es<\/p>\n\n\n\n<p><\/p>\n","protected":false},"excerpt":{"rendered":"<p>Comenzamos el viernes 12 de febrero con los m\u00e1s peques de la casa, que tienen una actividad con motivo de la conmemoraci\u00f3n del D\u00eda de la Mujer y la Ciencia. [&hellip;]<\/p>\n","protected":false},"author":4,"featured_media":0,"comment_status":"closed","ping_status":"closed","sticky":false,"template":"","format":"standard","meta":{"footnotes":""},"categories":[59],"tags":[142,58,430,431,266,432,433,434,435],"class_list":["post-9389","post","type-post","status-publish","format-standard","hentry","category-cultura","tag-carnaval","tag-centro-cultural-ramon-pelayo","tag-dia-de-la-ciencia","tag-dia-de-la-legumbre","tag-dia-de-la-mujer","tag-dia-del-gato","tag-facebook-live","tag-medio-cudeyo-cultural","tag-talleres-infantiles"],"_links":{"self":[{"href":"https:\/\/mediocudeyo.es\/web\/wp-json\/wp\/v2\/posts\/9389"}],"collection":[{"href":"https:\/\/mediocudeyo.es\/web\/wp-json\/wp\/v2\/posts"}],"about":[{"href":"https:\/\/mediocudeyo.es\/web\/wp-json\/wp\/v2\/types\/post"}],"author":[{"embeddable":true,"href":"https:\/\/mediocudeyo.es\/web\/wp-json\/wp\/v2\/users\/4"}],"replies":[{"embeddable":true,"href":"https:\/\/mediocudeyo.es\/web\/wp-json\/wp\/v2\/comments?post=9389"}],"version-history":[{"count":0,"href":"https:\/\/mediocudeyo.es\/web\/wp-json\/wp\/v2\/posts\/9389\/revisions"}],"wp:attachment":[{"href":"https:\/\/mediocudeyo.es\/web\/wp-json\/wp\/v2\/media?parent=9389"}],"wp:term":[{"taxonomy":"category","embeddable":true,"href":"https:\/\/mediocudeyo.es\/web\/wp-json\/wp\/v2\/categories?post=9389"},{"taxonomy":"post_tag","embeddable":true,"href":"https:\/\/mediocudeyo.es\/web\/wp-json\/wp\/v2\/tags?post=9389"}],"curies":[{"name":"wp","href":"https:\/\/api.w.org\/{rel}","templated":true}]}}