{"id":9401,"date":"2021-02-10T08:30:52","date_gmt":"2021-02-10T07:30:52","guid":{"rendered":"http:\/\/mediocudeyo.es\/web\/?p=9401"},"modified":"2021-02-10T08:30:52","modified_gmt":"2021-02-10T07:30:52","slug":"actividades-de-dinamizacion-en-la-biblioteca-municipal-inesperadamente-tu","status":"publish","type":"post","link":"https:\/\/mediocudeyo.es\/web\/actividades-de-dinamizacion-en-la-biblioteca-municipal-inesperadamente-tu\/","title":{"rendered":"ACTIVIDADES DE DINAMIZACI\u00d3N EN LA BIBLIOTECA MUNICIPAL: \u00abINESPERADAMENTE TU&#8230;\u00bb"},"content":{"rendered":"\n<figure class=\"wp-block-image\"><img decoding=\"async\" src=\"http:\/\/mediocudeyo.es\/web\/wp-content\/uploads\/2021\/02\/BIBLIO-Inesperadamente-t\u00fa-CARTEL-JPG-724x1024.jpeg\" alt=\"\" class=\"wp-image-9402\"\/><\/figure>\n\n\n\n<p><strong>BIBLIOTECA: Actividad de dinamizaci\u00f3n de febrero \u201c<em>INESPERADAMENTE\nT\u00da\u2026<\/em>\u201d<\/strong><\/p>\n\n\n\n<p>La concejal\u00eda de Cultura del\nAyuntamiento de Medio Cudeyo organiza desde la Bilbioteca la actividad \u201c<strong><em>Inesperadamente\nt\u00fa\u2026\u201d <\/em><\/strong>para acercar los libros y el mundo de la lectura a la ciudadan\u00eda.<\/p>\n\n\n\n<p>Las bases para la participaci\u00f3n en dicha iniciativa son las siguientes:<\/p>\n\n\n\n<!--more-->\n\n\n\n<p><strong><em>I-Tem\u00e1tica<\/em><\/strong>: Consistir\u00e1\nen presentar un verso o una peque\u00f1a historia de no m\u00e1s de medio folio en la que\naparezcan las palabras \u201c<em>Inesperadamente t\u00fa\u2026<\/em>\u201d, pudi\u00e9ndose comenzar o\nfinalizar con ellas o que est\u00e9n contenidas en el texto.<\/p>\n\n\n\n<p><strong><em>II- Participantes: <\/em><\/strong>&nbsp;Podr\u00e1n participar en el concurso todas las\npersonas f\u00edsicas no importa edad, con independencia de su nacionalidad o lugar\nde residencia, que tengan en el momento de enviarlo el carn\u00e9 de Lector.<\/p>\n\n\n\n<p><strong><em>&nbsp;III-Condiciones:<\/em><\/strong> <\/p>\n\n\n\n<p>S\u00f3lo se aceptar\u00e1 un verso o\npeque\u00f1a historia por persona.<\/p>\n\n\n\n<p>Ser\u00e1n retiradas aquellas que\natenten contra el derecho al honor, la intimidad y el buen gusto, as\u00ed como las\nque inciten a la violencia.<\/p>\n\n\n\n<p>Las personas participantes\ndeclarar\u00e1n ser \u00fanicos titulares de los derechos de autor sobre las creaciones presentadas\ny asumir\u00e1n toda la responsabilidad ante cualquier reclamaci\u00f3n de terceros,\ntanto por derechos de titularidad como por otros derechos contemplados legalmente.<\/p>\n\n\n\n<p>La participaci\u00f3n en la iniciativa\nconlleva la cesi\u00f3n de los derechos de reproducci\u00f3n, distribuci\u00f3n y comunicaci\u00f3n\np\u00fablica de las obras presentadas para la difusi\u00f3n de la actividad. Los textos\nganadores podr\u00e1n utilizarse para la promoci\u00f3n en futuras campa\u00f1as publicitarias.\nLos autores aparecer\u00e1n publicados en los cr\u00e9ditos de las mismas.<\/p>\n\n\n\n<p><strong><em>III-Presentaci\u00f3n:<\/em><\/strong> &nbsp;Los participantes o grupo de participantes\nenviaran sus creaciones a trav\u00e9s de la direcci\u00f3n de correo electr\u00f3nico:&nbsp; <\/p>\n\n\n\n<p><a href=\"mailto:biblioteca@mediocudeyo.es\">biblioteca@mediocudeyo.es<\/a><\/p>\n\n\n\n<p>o presencialmente en la Biblioteca Municipal \u2013 Centro\nCultural Ram\u00f3n Pelayo (Paseo de la Ventilla s\/N, Solares).<\/p>\n\n\n\n<p>En el asunto o en el sobre ha de\naparecer: Febrero 2021 \u201c<em>Inesperadamente t\u00fa\u2026<\/em>\u201d<\/p>\n\n\n\n<p>La fecha tope para el env\u00edo ser\u00e1\nel <em>28 de febrero a las 23:59h<\/em>.<\/p>\n\n\n\n<p>En el e-mail de env\u00edo o en el\nsobre presencial deber\u00e1n figurar los siguientes datos:<\/p>\n\n\n\n<p>&#8211; Nombre y apellidos del autor o\nautora.<\/p>\n\n\n\n<p>&#8211; T\u00edtulo de la creaci\u00f3n\npresentada<\/p>\n\n\n\n<p>&#8211; N\u00ba Carnet lector<\/p>\n\n\n\n<p>Las creaciones pueden presentarse\nen formato Word o escritas de forma manuscrita, debiendo estar perfectamente\nelegible la caligraf\u00eda presentada. <\/p>\n\n\n\n<p><strong><em>IV- Premios y premiados: <\/em><\/strong><\/p>\n\n\n\n<p>Todas aquellas personas\npresentadas entrar\u00e1n en el sorteo, que se realizar\u00e1 el lunes 1 de marzo, de un\nvale de 30 \u20ac a gastar en cualquiera de las librer\u00edas de Medio Cudeyo:<\/p>\n\n\n\n<p><strong><em>V- Comunicaci\u00f3n a las personas premiadas:<\/em><\/strong><\/p>\n\n\n\n<p>El premio ser\u00e1 comunicado a la\npersona ganadora a trav\u00e9s de la p\u00e1gina del Ayuntamiento de Medio Cudeyo www.<a href=\"http:\/\/www.mediocudeyo.es\">mediocudeyo.es<\/a>, y de las redes sociales\ndel ayuntamiento (Facebook, Instagram, Telegram y twitter).<\/p>\n\n\n\n<p><strong><em>VII- Disfrute de los premios:<\/em><\/strong><\/p>\n\n\n\n<p>Se deber\u00e1 disfrutar antes del 31\nde marzo de 2021, notificando previamente a la Biblioteca Municipal en qu\u00e9\nlibrer\u00eda se gastar\u00e1 el vale.<\/p>\n\n\n\n<p><strong><em>VIII-Aceptaci\u00f3n de las bases:<\/em><\/strong><\/p>\n\n\n\n<p>El mero hecho de enviar su\ncreaci\u00f3n supone la total aceptaci\u00f3n de estas bases y de los t\u00e9rminos y\ncondiciones. El participante declara que el texto que presenta cumple\nestrictamente los requisitos se\u00f1alados en estas bases.<\/p>\n\n\n\n<p>En Medio Cudeyo a 9\nde febrero de 2021<\/p>\n\n\n\n<p><strong>Fdo. Yolanda Valle\nMediavilla<\/strong><\/p>\n\n\n\n<p><strong>Concejala de\nEducaci\u00f3n, Cultura, Infancia y Juventud<\/strong><\/p>\n\n\n\n<p><strong>Ayuntamiento de Medio\nCudeyo<\/strong><\/p>\n","protected":false},"excerpt":{"rendered":"<p>BIBLIOTECA: Actividad de dinamizaci\u00f3n de febrero \u201cINESPERADAMENTE T\u00da\u2026\u201d La concejal\u00eda de Cultura del Ayuntamiento de Medio Cudeyo organiza desde la Bilbioteca la actividad \u201cInesperadamente t\u00fa\u2026\u201d para acercar los libros y [&hellip;]<\/p>\n","protected":false},"author":4,"featured_media":0,"comment_status":"closed","ping_status":"closed","sticky":false,"template":"","format":"standard","meta":{"footnotes":""},"categories":[59],"tags":[436,374,437,60],"class_list":["post-9401","post","type-post","status-publish","format-standard","hentry","category-cultura","tag-bases","tag-biblioteca-municipal","tag-dinamizacion","tag-medio-cudeyo"],"_links":{"self":[{"href":"https:\/\/mediocudeyo.es\/web\/wp-json\/wp\/v2\/posts\/9401"}],"collection":[{"href":"https:\/\/mediocudeyo.es\/web\/wp-json\/wp\/v2\/posts"}],"about":[{"href":"https:\/\/mediocudeyo.es\/web\/wp-json\/wp\/v2\/types\/post"}],"author":[{"embeddable":true,"href":"https:\/\/mediocudeyo.es\/web\/wp-json\/wp\/v2\/users\/4"}],"replies":[{"embeddable":true,"href":"https:\/\/mediocudeyo.es\/web\/wp-json\/wp\/v2\/comments?post=9401"}],"version-history":[{"count":0,"href":"https:\/\/mediocudeyo.es\/web\/wp-json\/wp\/v2\/posts\/9401\/revisions"}],"wp:attachment":[{"href":"https:\/\/mediocudeyo.es\/web\/wp-json\/wp\/v2\/media?parent=9401"}],"wp:term":[{"taxonomy":"category","embeddable":true,"href":"https:\/\/mediocudeyo.es\/web\/wp-json\/wp\/v2\/categories?post=9401"},{"taxonomy":"post_tag","embeddable":true,"href":"https:\/\/mediocudeyo.es\/web\/wp-json\/wp\/v2\/tags?post=9401"}],"curies":[{"name":"wp","href":"https:\/\/api.w.org\/{rel}","templated":true}]}}