{"id":9409,"date":"2021-02-15T10:25:17","date_gmt":"2021-02-15T09:25:17","guid":{"rendered":"http:\/\/mediocudeyo.es\/web\/?p=9409"},"modified":"2021-02-15T10:25:17","modified_gmt":"2021-02-15T09:25:17","slug":"filmoteca-aute-retrato","status":"publish","type":"post","link":"https:\/\/mediocudeyo.es\/web\/filmoteca-aute-retrato\/","title":{"rendered":"FILMOTECA: AUTE RETRATO"},"content":{"rendered":"\n<figure class=\"wp-block-image\"><img decoding=\"async\" src=\"http:\/\/mediocudeyo.es\/web\/wp-content\/uploads\/2021\/02\/aute_retrato-716754237-large-724x1024.jpg\" alt=\"\" class=\"wp-image-9410\"\/><\/figure>\n\n\n\n<p>Domingo 21 de febrero, 18:00 h.<\/p>\n\n\n\n<p>Centro Cultural Ram\u00f3n Pelayo (Solares)<\/p>\n\n\n\n<p>Precio \u00fanico: 2,50\u20ac<\/p>\n\n\n\n<p>Versi\u00f3n original subtitulada en espa\u00f1ol<\/p>\n\n\n\n<p>Medidas de seguridad:<\/p>\n\n\n\n<p>No es necesaria reserva previa.<\/p>\n\n\n\n<p>Entrada y salida escalonada.<\/p>\n\n\n\n<p>Aforo reducido preservando la distancia interpersonal.<\/p>\n\n\n\n<p>Uso de mascarilla durante todo el espect\u00e1culo.<\/p>\n\n\n\n<p>Uso de gel hidro-alcoh\u00f3lico.<\/p>\n\n\n\n<!--more-->\n\n\n\n<p>T\u00edtulo original: Aute Retrato                                                           <\/p>\n\n\n\n<p> A\u00f1o: 2019             <\/p>\n\n\n\n<p>Duraci\u00f3n: 98 min.             <\/p>\n\n\n\n<p>Pa\u00eds: Espa\u00f1a            <\/p>\n\n\n\n<p> Direcci\u00f3n: <a href=\"https:\/\/www.filmaffinity.com\/es\/search.php?stype=director&amp;sn&amp;stext=Gaizka%20Urresti\">Gaizka Urresti<\/a>                         <\/p>\n\n\n\n<p>Guion: Nacho Cabana, Juan Moya, Gaizka Urresti             <\/p>\n\n\n\n<p>Fotograf\u00eda: Pepe A\u00f1\u00f3n             <\/p>\n\n\n\n<p>Reparto: Documental,  (intervenciones de: <a href=\"https:\/\/www.filmaffinity.com\/es\/search.php?stype=cast&amp;sn&amp;stext=Luis%20Eduardo%20Aute\">Luis Eduardo Aute<\/a>)     <\/p>\n\n\n\n<p>Productora: Altube Filmeak S.L, ICAA, Urresti Producciones  <\/p>\n\n\n\n<p>G\u00e9nero: <a href=\"https:\/\/www.filmaffinity.com\/es\/moviegenre.php?genre=DO&amp;attr=rat_count&amp;nodoc\">Documental<\/a> | <a href=\"https:\/\/www.filmaffinity.com\/es\/movietopic.php?topic=503285&amp;attr=rat_count&amp;nodoc\">Documental sobre m\u00fasica<\/a>                    <\/p>\n\n\n\n<p>Sinopsis: Recopilaci\u00f3n de los mejores  momentos de Luis Eduardo Aute en sus 50 a\u00f1os de carrera musical y  art\u00edstica. Un recorrido por sus distintas facetas creativas y sus bandas  sonoras. Toda la vida el artista desvelada por un grupo de testigos,  colaboradores y amigos que, a trav\u00e9s de sus testimonios, demuestran el  impacto que han tenido sus ic\u00f3nicas canciones sobre la actualidad  musical.   <\/p>\n\n\n\n<p><a href=\"https:\/\/www.youtube.com\/watch?v=9PPsj6O5LxI\" data-rel=\"lightbox-video-0\">TRAILER \u00abAUTE RETRATO\u00bb  <\/a> <\/p>\n","protected":false},"excerpt":{"rendered":"<p>Domingo 21 de febrero, 18:00 h. Centro Cultural Ram\u00f3n Pelayo (Solares) Precio \u00fanico: 2,50\u20ac Versi\u00f3n original subtitulada en espa\u00f1ol Medidas de seguridad: No es necesaria reserva previa. Entrada y salida [&hellip;]<\/p>\n","protected":false},"author":4,"featured_media":0,"comment_status":"closed","ping_status":"closed","sticky":false,"template":"","format":"standard","meta":{"footnotes":""},"categories":[59],"tags":[58,116,117],"class_list":["post-9409","post","type-post","status-publish","format-standard","hentry","category-cultura","tag-centro-cultural-ramon-pelayo","tag-cine","tag-filmoteca"],"_links":{"self":[{"href":"https:\/\/mediocudeyo.es\/web\/wp-json\/wp\/v2\/posts\/9409"}],"collection":[{"href":"https:\/\/mediocudeyo.es\/web\/wp-json\/wp\/v2\/posts"}],"about":[{"href":"https:\/\/mediocudeyo.es\/web\/wp-json\/wp\/v2\/types\/post"}],"author":[{"embeddable":true,"href":"https:\/\/mediocudeyo.es\/web\/wp-json\/wp\/v2\/users\/4"}],"replies":[{"embeddable":true,"href":"https:\/\/mediocudeyo.es\/web\/wp-json\/wp\/v2\/comments?post=9409"}],"version-history":[{"count":0,"href":"https:\/\/mediocudeyo.es\/web\/wp-json\/wp\/v2\/posts\/9409\/revisions"}],"wp:attachment":[{"href":"https:\/\/mediocudeyo.es\/web\/wp-json\/wp\/v2\/media?parent=9409"}],"wp:term":[{"taxonomy":"category","embeddable":true,"href":"https:\/\/mediocudeyo.es\/web\/wp-json\/wp\/v2\/categories?post=9409"},{"taxonomy":"post_tag","embeddable":true,"href":"https:\/\/mediocudeyo.es\/web\/wp-json\/wp\/v2\/tags?post=9409"}],"curies":[{"name":"wp","href":"https:\/\/api.w.org\/{rel}","templated":true}]}}