{"id":9444,"date":"2021-02-22T09:35:43","date_gmt":"2021-02-22T08:35:43","guid":{"rendered":"http:\/\/mediocudeyo.es\/web\/?p=9444"},"modified":"2021-02-22T09:35:43","modified_gmt":"2021-02-22T08:35:43","slug":"fimoteca-ciaboga","status":"publish","type":"post","link":"https:\/\/mediocudeyo.es\/web\/fimoteca-ciaboga\/","title":{"rendered":"FIMOTECA: CIABOGA"},"content":{"rendered":"\n<figure class=\"wp-block-image\"><img decoding=\"async\" src=\"http:\/\/mediocudeyo.es\/web\/wp-content\/uploads\/2021\/02\/CIABOGA.-Cine-coloquio-728x1024.jpg\" alt=\"\" class=\"wp-image-9445\"\/><\/figure>\n\n\n\n<p><strong>El domingo 28 de Febrero a las 18h, en el Centro Cultural Ram\u00f3n Pelayo de Solares, tendr\u00e1 lugar la proyecci\u00f3n del largometraje \u201cCiaboga\u201d, con la presencia de su director, I\u00f1aki Pinedo, y alguno de los protagonistas del documental<\/strong>.<\/p>\n\n\n\n<p>Precio \u00fanico: 2,50 \u20ac<\/p>\n\n\n\n<p>Medidas de seguridad:<\/p>\n\n\n\n<p>No es necesaria reserva previa.<\/p>\n\n\n\n<p>Entrada y salida escalonada.<\/p>\n\n\n\n<p>Aforo reducido preservando la distancia interpersonal.<\/p>\n\n\n\n<p>Uso de mascarilla durante todo el espect\u00e1culo.<\/p>\n\n\n\n<p>Uso de gel hidro-alcoh\u00f3lico.<\/p>\n\n\n\n<!--more-->\n\n\n\n<p> T\u00edtulo original: Ciaboga. Ziaboga.                      <\/p>\n\n\n\n<p>A\u00f1o: 2019             <\/p>\n\n\n\n<p>Duraci\u00f3n: 74 min.             <\/p>\n\n\n\n<p>Pa\u00eds: Espa\u00f1a                                      <\/p>\n\n\n\n<p>Guion y Diorecci\u00f3n: I\u00f1aki Pinedo          <\/p>\n\n\n\n<p>Direcci\u00f3n de Fotograf\u00eda y Montaje: Jes\u00fas Calvo. <\/p>\n\n\n\n<p>Documentaci\u00f3n: \u00c1ngel Obreg\u00f3n<\/p>\n\n\n\n<p>Producci\u00f3n: Imagen Industrial. <\/p>\n\n\n\n<p>M\u00fasica: Gorka Hermosa. Landeral.&nbsp;Chema Puente. <\/p>\n\n\n\n<p>Animaciones: Laura Ib\u00e1\u00f1ez.&nbsp; <\/p>\n\n\n\n<p>Fotograf\u00eda Fija: Humberto Bilbao.<\/p>\n\n\n\n<p>Im\u00e1genes de archivo<em>: Consejer\u00eda de Educaci\u00f3n, Cultura y Deporte del G. de Cantabria.<\/em> Centro de la Imagen de Santander. <em>Museo Mar\u00edtimo del Cant\u00e1brico.<\/em> Fundaci\u00f3n Kutxa.                <\/p>\n\n\n\n<p><strong>\u00abCiaboga\u00bb<\/strong>, es un\ndocumental sobre el mundo del remo en el Cant\u00e1brico. Aborda la historia de las\ntraineras en general, aunque centr\u00e1ndose sobre todo en lo que va desde los a\u00f1os\n40 del pasado siglo hasta nuestros d\u00edas. <\/p>\n\n\n\n<p>El documental es el fruto de casi tres a\u00f1os de trabajo y se apoya en\nabundante e interesante material de archivo, fruto de una intensa\ninvestigaci\u00f3n. Cuenta con un abanico amplio de participaciones, tanto de\nhombres como de mujeres de toda la Cornisa Cant\u00e1brica, que forman parte del\nmundo del remo. Entre los participantes c\u00e1ntabros en el documental, se\nencuentran,&nbsp; la participante m\u00e1s joven,\nSara Valle (Remera. 2003), y el de mayor edad, <strong>Luis Cortavitarte (Heras 1923)<\/strong>, remero de la \u00e9poca dorada de\nPedre\u00f1a, y probablemente el remero ganador de la Concha de mayor edad del\nCant\u00e1brico.<\/p>\n\n\n\n<p><a href=\"https:\/\/www.youtube.com\/watch?v=M9vFLxd3-n8\" data-rel=\"lightbox-video-0\">TRAILER \u00abCIABOGA<\/a>\u00ab<\/p>\n","protected":false},"excerpt":{"rendered":"<p>El domingo 28 de Febrero a las 18h, en el Centro Cultural Ram\u00f3n Pelayo de Solares, tendr\u00e1 lugar la proyecci\u00f3n del largometraje \u201cCiaboga\u201d, con la presencia de su director, I\u00f1aki [&hellip;]<\/p>\n","protected":false},"author":4,"featured_media":0,"comment_status":"closed","ping_status":"closed","sticky":false,"template":"","format":"standard","meta":{"footnotes":""},"categories":[59],"tags":[58,116,117],"class_list":["post-9444","post","type-post","status-publish","format-standard","hentry","category-cultura","tag-centro-cultural-ramon-pelayo","tag-cine","tag-filmoteca"],"_links":{"self":[{"href":"https:\/\/mediocudeyo.es\/web\/wp-json\/wp\/v2\/posts\/9444"}],"collection":[{"href":"https:\/\/mediocudeyo.es\/web\/wp-json\/wp\/v2\/posts"}],"about":[{"href":"https:\/\/mediocudeyo.es\/web\/wp-json\/wp\/v2\/types\/post"}],"author":[{"embeddable":true,"href":"https:\/\/mediocudeyo.es\/web\/wp-json\/wp\/v2\/users\/4"}],"replies":[{"embeddable":true,"href":"https:\/\/mediocudeyo.es\/web\/wp-json\/wp\/v2\/comments?post=9444"}],"version-history":[{"count":0,"href":"https:\/\/mediocudeyo.es\/web\/wp-json\/wp\/v2\/posts\/9444\/revisions"}],"wp:attachment":[{"href":"https:\/\/mediocudeyo.es\/web\/wp-json\/wp\/v2\/media?parent=9444"}],"wp:term":[{"taxonomy":"category","embeddable":true,"href":"https:\/\/mediocudeyo.es\/web\/wp-json\/wp\/v2\/categories?post=9444"},{"taxonomy":"post_tag","embeddable":true,"href":"https:\/\/mediocudeyo.es\/web\/wp-json\/wp\/v2\/tags?post=9444"}],"curies":[{"name":"wp","href":"https:\/\/api.w.org\/{rel}","templated":true}]}}