{"id":9567,"date":"2021-03-15T12:22:20","date_gmt":"2021-03-15T11:22:20","guid":{"rendered":"http:\/\/mediocudeyo.es\/web\/?p=9567"},"modified":"2021-03-15T12:22:20","modified_gmt":"2021-03-15T11:22:20","slug":"filmoteca-proxima","status":"publish","type":"post","link":"https:\/\/mediocudeyo.es\/web\/filmoteca-proxima\/","title":{"rendered":"FILMOTECA: \u00abPROXIMA\u00bb"},"content":{"rendered":"\n<div class=\"wp-block-image\"><figure class=\"aligncenter\"><img decoding=\"async\" src=\"http:\/\/mediocudeyo.es\/web\/wp-content\/uploads\/2021\/03\/proxima-261572166-large.jpg\" alt=\"\" class=\"wp-image-9568\"\/><\/figure><\/div>\n\n\n\n<p>Domingo 21 de marzo, 18:00 h.<\/p>\n\n\n\n<p>Centro Cultural Ram\u00f3n Pelayo (Solares)<\/p>\n\n\n\n<p>Precio \u00fanico: 2,50\u20ac<\/p>\n\n\n\n<p>Versi\u00f3n original subtitulada en espa\u00f1ol<\/p>\n\n\n\n<p>Medidas de seguridad:<\/p>\n\n\n\n<p>No es necesaria reserva previa.<\/p>\n\n\n\n<p>Entrada y salida escalonada.<\/p>\n\n\n\n<p>Aforo reducido preservando la distancia interpersonal.<\/p>\n\n\n\n<p>Uso de mascarilla durante todo el espect\u00e1culo.<\/p>\n\n\n\n<p>Uso de gel hidro-alcoh\u00f3lico.<\/p>\n\n\n\n<p>T\u00edtulo original: Proxima<\/p>\n\n\n\n<p>A\u00f1o: 2019<\/p>\n\n\n\n<p>Duraci\u00f3n: 107 min.<\/p>\n\n\n\n<p>Pa\u00eds: Francia<\/p>\n\n\n\n<p>Direcci\u00f3n:<a title=\"Alice Winocour\" href=\"https:\/\/www.filmaffinity.com\/es\/search.php?stype=director&amp;sn&amp;stext=Alice%20Winocour\">Alice Winocour<\/a><\/p>\n\n\n\n<p>Guion: <span class=\"nb\">Jean-St\u00e9phane Bron,<\/span>&nbsp;<span class=\"nb\">Alice Winocour<\/span><\/p>\n\n\n\n<p>Fotograf\u00eda:<span class=\"nb\">Georges Lechaptois<\/span><\/p>\n\n\n\n<p>Reparto: <span class=\"nb\"><a title=\"Eva Green\" href=\"https:\/\/www.filmaffinity.com\/es\/search.php?stype=cast&amp;sn&amp;stext=Eva%20Green\">Eva Green<\/a>,<\/span>&nbsp;<span class=\"nb\"><a title=\"Matt Dillon\" href=\"https:\/\/www.filmaffinity.com\/es\/search.php?stype=cast&amp;sn&amp;stext=Matt%20Dillon\">Matt Dillon<\/a>,<\/span>&nbsp;<span class=\"nb\"><a title=\"Lars Eidinger\" href=\"https:\/\/www.filmaffinity.com\/es\/search.php?stype=cast&amp;sn&amp;stext=Lars%20Eidinger\">Lars Eidinger<\/a>,<\/span>&nbsp;<span class=\"nb\"><a title=\"Sandra H\u00fcller\" href=\"https:\/\/www.filmaffinity.com\/es\/search.php?stype=cast&amp;sn&amp;stext=Sandra%20H%C3%BCller\">Sandra H\u00fcller<\/a>,<\/span>&nbsp;<span class=\"nb\"><a title=\"Jan Oliver Schroeder\" href=\"https:\/\/www.filmaffinity.com\/es\/search.php?stype=cast&amp;sn&amp;stext=Jan%20Oliver%20Schroeder\">Jan Oliver Schroeder<\/a>,<\/span>&nbsp;<span class=\"nb\"><a title=\"Nancy Tate\" href=\"https:\/\/www.filmaffinity.com\/es\/search.php?stype=cast&amp;sn&amp;stext=Nancy%20Tate\">Nancy Tate<\/a>,<\/span>&nbsp;<span class=\"nb\"><a title=\"Marc Fischer\" href=\"https:\/\/www.filmaffinity.com\/es\/search.php?stype=cast&amp;sn&amp;stext=Marc%20Fischer\">Marc Fischer<\/a>,<\/span>&nbsp;<span class=\"nb\"><a title=\"Z\u00e9lie Boulant\" href=\"https:\/\/www.filmaffinity.com\/es\/search.php?stype=cast&amp;sn&amp;stext=Z%C3%A9lie%20Boulant\">Z\u00e9lie Boulant<\/a>,<\/span>&nbsp;<span class=\"nb\"><a title=\"Alexey Fateev\" href=\"https:\/\/www.filmaffinity.com\/es\/search.php?stype=cast&amp;sn&amp;stext=Alexey%20Fateev\">Alexey Fateev<\/a>,<\/span>&nbsp;<span class=\"nb\"><a title=\"Vitaly Jay\" href=\"https:\/\/www.filmaffinity.com\/es\/search.php?stype=cast&amp;sn&amp;stext=Vitaly%20Jay\">Vitaly Jay<\/a>,<\/span>&nbsp;<span class=\"nb\"><a title=\"Birger Frehse\" href=\"https:\/\/www.filmaffinity.com\/es\/search.php?stype=cast&amp;sn&amp;stext=Birger%20Frehse\">Birger Frehse<\/a><\/span><\/p>\n\n\n\n<p>Productora: <span class=\"nb\">Dharamsala,<\/span>&nbsp;<span class=\"nb\">Pandora Film<\/span><\/p>\n\n\n\n<p>G\u00e9nero:<a href=\"https:\/\/www.filmaffinity.com\/es\/moviegenre.php?genre=DR&amp;attr=rat_count&amp;nodoc\"> Drama<\/a>&nbsp;|&nbsp;<a href=\"https:\/\/www.filmaffinity.com\/es\/movietopic.php?topic=279137&amp;attr=rat_count&amp;nodoc\">Familia<\/a>.&nbsp;<a href=\"https:\/\/www.filmaffinity.com\/es\/movietopic.php?topic=427099&amp;attr=rat_count&amp;nodoc\">Maternidad<\/a><\/p>\n\n\n\n<p>Sinopsis: Sarah es una astronauta francesa que se entrena en la Agencia Espacial Europea en Colonia. Es la \u00fanica mujer dentro del exigente programa. Vive sola con Stella, su hija de siete a\u00f1os. Sarah se siente culpable por no poder pasar m\u00e1s tiempo con la ni\u00f1a. Su amor es abrumador, inquietante. Cuando Sarah es elegida para formar parte de la tripulaci\u00f3n de una misi\u00f3n espacial de un a\u00f1o de duraci\u00f3n llamada Proxima, se produce un distanciamiento en la relaci\u00f3n entre madre e hija.<\/p>\n\n\n\n<p><a href=\"https:\/\/www.youtube.com\/watch?v=E0DOBFxkGjA\" data-rel=\"lightbox-video-0\">TRAILER: PROXIMA<\/a><\/p>\n","protected":false},"excerpt":{"rendered":"<p>Domingo 21 de marzo, 18:00 h. Centro Cultural Ram\u00f3n Pelayo (Solares) Precio \u00fanico: 2,50\u20ac Versi\u00f3n original subtitulada en espa\u00f1ol Medidas de seguridad: No es necesaria reserva previa. Entrada y salida [&hellip;]<\/p>\n","protected":false},"author":4,"featured_media":0,"comment_status":"closed","ping_status":"closed","sticky":false,"template":"","format":"standard","meta":{"footnotes":""},"categories":[59],"tags":[58,116,117],"class_list":["post-9567","post","type-post","status-publish","format-standard","hentry","category-cultura","tag-centro-cultural-ramon-pelayo","tag-cine","tag-filmoteca"],"_links":{"self":[{"href":"https:\/\/mediocudeyo.es\/web\/wp-json\/wp\/v2\/posts\/9567"}],"collection":[{"href":"https:\/\/mediocudeyo.es\/web\/wp-json\/wp\/v2\/posts"}],"about":[{"href":"https:\/\/mediocudeyo.es\/web\/wp-json\/wp\/v2\/types\/post"}],"author":[{"embeddable":true,"href":"https:\/\/mediocudeyo.es\/web\/wp-json\/wp\/v2\/users\/4"}],"replies":[{"embeddable":true,"href":"https:\/\/mediocudeyo.es\/web\/wp-json\/wp\/v2\/comments?post=9567"}],"version-history":[{"count":0,"href":"https:\/\/mediocudeyo.es\/web\/wp-json\/wp\/v2\/posts\/9567\/revisions"}],"wp:attachment":[{"href":"https:\/\/mediocudeyo.es\/web\/wp-json\/wp\/v2\/media?parent=9567"}],"wp:term":[{"taxonomy":"category","embeddable":true,"href":"https:\/\/mediocudeyo.es\/web\/wp-json\/wp\/v2\/categories?post=9567"},{"taxonomy":"post_tag","embeddable":true,"href":"https:\/\/mediocudeyo.es\/web\/wp-json\/wp\/v2\/tags?post=9567"}],"curies":[{"name":"wp","href":"https:\/\/api.w.org\/{rel}","templated":true}]}}