{"id":9601,"date":"2021-03-19T10:54:10","date_gmt":"2021-03-19T09:54:10","guid":{"rendered":"http:\/\/mediocudeyo.es\/web\/?p=9601"},"modified":"2021-03-19T10:54:10","modified_gmt":"2021-03-19T09:54:10","slug":"programa-de-conciliacion-semana-de-primavera-2","status":"publish","type":"post","link":"https:\/\/mediocudeyo.es\/web\/programa-de-conciliacion-semana-de-primavera-2\/","title":{"rendered":"Programa de conciliaci\u00f3n \u00abSemana de primavera\u00bb"},"content":{"rendered":"\n<p>Comienza el periodo para solicitar plaza en la semana de primavera.<\/p>\n\n\n\n<figure class=\"wp-block-image\"><img decoding=\"async\" src=\"http:\/\/mediocudeyo.es\/web\/wp-content\/uploads\/2021\/03\/Semana-no-lectiva-PRIMAVERA.-Cartel-JPG-1-724x1024.jpg\" alt=\"\" class=\"wp-image-9604\"\/><\/figure>\n\n\n\n<p>Del 19 al 26 de marzo se puede solicitar plaza para la semana de primavera los d\u00edas 5, 6, 7, 8 y 9 de abril. En horario de 8-14h o 9-14h.<\/p>\n\n\n\n<p>El lunes 29 de marzo se publicar\u00e1 la lista de admitido\/as.<\/p>\n\n\n\n<p>Junto a la solicitud cumplimentada, hay que presentar la siguiente documentaci\u00f3n:<\/p>\n\n\n\n<ul class=\"wp-block-list\"><li>Declaraci\u00f3n responsable<\/li><li>Documentos acreditativos de estar trabajando madre\/padre\/tutor en el mismo horario que se desarrolla el programa de conciliaci\u00f3n.<\/li><li>Cualquier otro documento acreditativo (familia numerosa, familia monoparental, etc.)<\/li><\/ul>\n\n\n\n<p>La solicitud y la declaraci\u00f3n responsable se pueden descargar en la pesta\u00f1a DOCUMENTOS P\u00daBLICOS.<\/p>\n\n\n\n<p>Toda la documentaci\u00f3n se puede hacer llegar a trav\u00e9s de:<\/p>\n\n\n\n<ul class=\"wp-block-list\"><li>Correo electr\u00f3nico: centrocultural@mediocudeyo.es<\/li><li>WhatsApp al n\u00famero 942522685<\/li><li>Presencialmente en el Punto de Informaci\u00f3n Municipal. Horario: lunes a viernes 9:00-14:30h \/ 17:00-20:30h<\/li><\/ul>\n\n\n\n<p>M\u00e1s informaci\u00f3n: <\/p>\n\n\n\n<ul class=\"wp-block-list\"><li>centrocultural@mediocudeyo.es<\/li><li>WhatsApp:  942522685 <\/li><\/ul>\n","protected":false},"excerpt":{"rendered":"<p>Comienza el periodo para solicitar plaza en la semana de primavera. Del 19 al 26 de marzo se puede solicitar plaza para la semana de primavera los d\u00edas 5, 6, [&hellip;]<\/p>\n","protected":false},"author":4,"featured_media":0,"comment_status":"closed","ping_status":"closed","sticky":false,"template":"","format":"standard","meta":{"footnotes":""},"categories":[39],"tags":[109,99,407,442],"class_list":["post-9601","post","type-post","status-publish","format-standard","hentry","category-educacion","tag-conciliacion","tag-educacion","tag-infancia","tag-semana-no-lectiva"],"_links":{"self":[{"href":"https:\/\/mediocudeyo.es\/web\/wp-json\/wp\/v2\/posts\/9601"}],"collection":[{"href":"https:\/\/mediocudeyo.es\/web\/wp-json\/wp\/v2\/posts"}],"about":[{"href":"https:\/\/mediocudeyo.es\/web\/wp-json\/wp\/v2\/types\/post"}],"author":[{"embeddable":true,"href":"https:\/\/mediocudeyo.es\/web\/wp-json\/wp\/v2\/users\/4"}],"replies":[{"embeddable":true,"href":"https:\/\/mediocudeyo.es\/web\/wp-json\/wp\/v2\/comments?post=9601"}],"version-history":[{"count":0,"href":"https:\/\/mediocudeyo.es\/web\/wp-json\/wp\/v2\/posts\/9601\/revisions"}],"wp:attachment":[{"href":"https:\/\/mediocudeyo.es\/web\/wp-json\/wp\/v2\/media?parent=9601"}],"wp:term":[{"taxonomy":"category","embeddable":true,"href":"https:\/\/mediocudeyo.es\/web\/wp-json\/wp\/v2\/categories?post=9601"},{"taxonomy":"post_tag","embeddable":true,"href":"https:\/\/mediocudeyo.es\/web\/wp-json\/wp\/v2\/tags?post=9601"}],"curies":[{"name":"wp","href":"https:\/\/api.w.org\/{rel}","templated":true}]}}