{"id":9621,"date":"2021-03-29T12:00:41","date_gmt":"2021-03-29T11:00:41","guid":{"rendered":"http:\/\/mediocudeyo.es\/web\/?p=9621"},"modified":"2021-03-29T12:00:41","modified_gmt":"2021-03-29T11:00:41","slug":"filmoteca-maria-y-los-demas","status":"publish","type":"post","link":"https:\/\/mediocudeyo.es\/web\/filmoteca-maria-y-los-demas\/","title":{"rendered":"FILMOTECA: Mar\u00eda (y los dem\u00e1s)"},"content":{"rendered":"\n<figure class=\"wp-block-image\"><img decoding=\"async\" src=\"http:\/\/mediocudeyo.es\/web\/wp-content\/uploads\/2021\/03\/maria_y_los_demas-279168791-large-717x1024.jpg\" alt=\"\" class=\"wp-image-9622\"\/><\/figure>\n\n\n<p>\n<!--StartFragment--><\/p>\n\n\n<p>Domingo 4 de abril, 18:00 h.<\/p>\n\n\n\n<p>Centro Cultural Ram\u00f3n Pelayo (Solares)<\/p>\n\n\n\n<p>Precio \u00fanico: 2,50\u20ac<\/p>\n\n\n\n<p>Versi\u00f3n original en espa\u00f1ol<\/p>\n\n\n\n<p>Medidas de seguridad:<\/p>\n\n\n\n<p>No es necesaria reserva previa.<\/p>\n\n\n\n<p>Entrada y salida escalonada.<\/p>\n\n\n\n<p>Aforo reducido preservando la distancia interpersonal.<\/p>\n\n\n\n<p>Uso de mascarilla durante todo el espect\u00e1culo.<\/p>\n\n\n\n<p>Uso de gel hidro-alcoh\u00f3lico.<\/p>\n\n\n\n<p>T\u00edtulo original:  Mar\u00eda (y los dem\u00e1s) <\/p>\n\n\n\n<p>A\u00f1o: 2016<\/p>\n\n\n\n<p>Duraci\u00f3n: 96 min.<\/p>\n\n\n\n<p>Pa\u00eds: Espa\u00f1a<\/p>\n\n\n\n<p>Direcci\u00f3n: <span class=\"nb\"><\/span> <a href=\"https:\/\/www.filmaffinity.com\/es\/search.php?stype=director&amp;sn&amp;stext=Nely%20Reguera\">Nely Reguera<\/a> <\/p>\n\n\n\n<p>Guion: <span class=\"nb\"><\/span><span class=\"nb\"><\/span> Nely Reguera,&nbsp;Valentina Viso,&nbsp;Eduard Sol\u00e0,&nbsp;Roguer Sogues,&nbsp;Diego Ameixeiras <\/p>\n\n\n\n<p> M\u00fasica: Nico Casal <\/p>\n\n\n\n<p>Fotograf\u00eda: <span class=\"nb\"><\/span> Aitor Echevarr\u00eda <\/p>\n\n\n\n<p>Reparto:<span class=\"nb\"><\/span> <a href=\"https:\/\/www.filmaffinity.com\/es\/search.php?stype=cast&amp;sn&amp;stext=B%C3%A1rbara%20Lennie\">B\u00e1rbara Lennie<\/a>,&nbsp;<a href=\"https:\/\/www.filmaffinity.com\/es\/search.php?stype=cast&amp;sn&amp;stext=Jos%C3%A9%20%C3%81ngel%20Egido\">Jos\u00e9 \u00c1ngel Egido<\/a>,&nbsp;<a href=\"https:\/\/www.filmaffinity.com\/es\/search.php?stype=cast&amp;sn&amp;stext=Pablo%20Derqui\">Pablo Derqui<\/a>,&nbsp;<a href=\"https:\/\/www.filmaffinity.com\/es\/search.php?stype=cast&amp;sn&amp;stext=Vito%20Sanz\">Vito Sanz<\/a>,&nbsp;<a href=\"https:\/\/www.filmaffinity.com\/es\/search.php?stype=cast&amp;sn&amp;stext=Juli%C3%A1n%20Villagr%C3%A1n\">Juli\u00e1n Villagr\u00e1n<\/a>,&nbsp;<a href=\"https:\/\/www.filmaffinity.com\/es\/search.php?stype=cast&amp;sn&amp;stext=Mar%C3%ADa%20V%C3%A1zquez\">Mar\u00eda V\u00e1zquez<\/a>,&nbsp;<a href=\"https:\/\/www.filmaffinity.com\/es\/search.php?stype=cast&amp;sn&amp;stext=Roc%C3%ADo%20Le%C3%B3n\">Roc\u00edo Le\u00f3n<\/a>,&nbsp;<a href=\"https:\/\/www.filmaffinity.com\/es\/search.php?stype=cast&amp;sn&amp;stext=Marina%20Skell\">Marina Skell<\/a>,&nbsp;<a href=\"https:\/\/www.filmaffinity.com\/es\/search.php?stype=cast&amp;sn&amp;stext=Alexandra%20Pi%C3%B1eiro\">Alexandra Pi\u00f1eiro<\/a>,&nbsp;<a href=\"https:\/\/www.filmaffinity.com\/es\/search.php?stype=cast&amp;sn&amp;stext=Miguel%20de%20Lira\">Miguel de Lira<\/a>,&nbsp;<a href=\"https:\/\/www.filmaffinity.com\/es\/search.php?stype=cast&amp;sn&amp;stext=Aixa%20Villagr%C3%A1n\">Aixa Villagr\u00e1n<\/a> <\/p>\n\n\n\n<p>Productora: <span class=\"nb\"><\/span> Frida Films,&nbsp;Avalon P.C <\/p>\n\n\n\n<p>G\u00e9nero:  <a href=\"https:\/\/www.filmaffinity.com\/es\/moviegenre.php?genre=DR&amp;attr=rat_count&amp;nodoc\">Drama<\/a>&nbsp;|&nbsp;<a href=\"https:\/\/www.filmaffinity.com\/es\/movietopic.php?topic=899776&amp;attr=rat_count&amp;nodoc\">Comedia dram\u00e1tica<\/a> <\/p>\n\n\n\n<p>Sinopsis:  Desde que muri\u00f3 su madre cuando ella ten\u00eda 15 a\u00f1os, Mar\u00eda ha cuidado de su padre y de sus hermanos. Responsable y controladora, siempre ha sido el pilar de la familia, y se siente orgullosa de ello. Por eso, cuando su padre se enamora repentinamente de su enfermera y anuncia su inminente compromiso, Mar\u00eda siente que su vida se desmorona. Con 35 a\u00f1os y sin novio a la vista, deber\u00e1 atreverse a cambiar su destino. <\/p>\n\n\n\n<p><a href=\"https:\/\/dai.ly\/x7tzhto\">TRAILER \u00bb Mar\u00eda (y los demas)\u00bb <\/a><\/p>\n\n\n<p><!--EndFragment--><\/p>","protected":false},"excerpt":{"rendered":"<p>Domingo 4 de abril, 18:00 h. Centro Cultural Ram\u00f3n Pelayo (Solares) Precio \u00fanico: 2,50\u20ac Versi\u00f3n original en espa\u00f1ol Medidas de seguridad: No es necesaria reserva previa. Entrada y salida escalonada. [&hellip;]<\/p>\n","protected":false},"author":4,"featured_media":0,"comment_status":"closed","ping_status":"closed","sticky":false,"template":"","format":"standard","meta":{"footnotes":""},"categories":[59],"tags":[58,116,117],"class_list":["post-9621","post","type-post","status-publish","format-standard","hentry","category-cultura","tag-centro-cultural-ramon-pelayo","tag-cine","tag-filmoteca"],"_links":{"self":[{"href":"https:\/\/mediocudeyo.es\/web\/wp-json\/wp\/v2\/posts\/9621"}],"collection":[{"href":"https:\/\/mediocudeyo.es\/web\/wp-json\/wp\/v2\/posts"}],"about":[{"href":"https:\/\/mediocudeyo.es\/web\/wp-json\/wp\/v2\/types\/post"}],"author":[{"embeddable":true,"href":"https:\/\/mediocudeyo.es\/web\/wp-json\/wp\/v2\/users\/4"}],"replies":[{"embeddable":true,"href":"https:\/\/mediocudeyo.es\/web\/wp-json\/wp\/v2\/comments?post=9621"}],"version-history":[{"count":0,"href":"https:\/\/mediocudeyo.es\/web\/wp-json\/wp\/v2\/posts\/9621\/revisions"}],"wp:attachment":[{"href":"https:\/\/mediocudeyo.es\/web\/wp-json\/wp\/v2\/media?parent=9621"}],"wp:term":[{"taxonomy":"category","embeddable":true,"href":"https:\/\/mediocudeyo.es\/web\/wp-json\/wp\/v2\/categories?post=9621"},{"taxonomy":"post_tag","embeddable":true,"href":"https:\/\/mediocudeyo.es\/web\/wp-json\/wp\/v2\/tags?post=9621"}],"curies":[{"name":"wp","href":"https:\/\/api.w.org\/{rel}","templated":true}]}}