{"id":9635,"date":"2021-03-23T17:37:44","date_gmt":"2021-03-23T16:37:44","guid":{"rendered":"http:\/\/mediocudeyo.es\/web\/?p=9635"},"modified":"2021-03-23T17:37:44","modified_gmt":"2021-03-23T16:37:44","slug":"filmoteca-cartel-con-la-programacion","status":"publish","type":"post","link":"https:\/\/mediocudeyo.es\/web\/filmoteca-cartel-con-la-programacion\/","title":{"rendered":"FILMOTECA: PROGRAMACI\u00d3N"},"content":{"rendered":"\n<figure class=\"wp-block-image\"><img decoding=\"async\" src=\"http:\/\/mediocudeyo.es\/web\/wp-content\/uploads\/2021\/03\/FILMOTECA.-Cartel-programaci\u00f3n-JPG-724x1024.jpeg\" alt=\"\" class=\"wp-image-9636\"\/><\/figure>\n\n\n\n<p>El  domingo 28 de marzo no habr\u00e1  filmoteca  por la festividad de Semana Santa. \u00c9sta es  programci\u00f3n general.<\/p>\n\n\n\n<p>Volvemos con m\u00e1s cine a partir del domingo d\u00eda 4 de abril a las 18:00 horas. En esta ocasi\u00f3n os traemos \u00abMAR\u00cdA (Y LOS DEM\u00c1S)\u00bb<\/p>\n","protected":false},"excerpt":{"rendered":"<p>El domingo 28 de marzo no habr\u00e1 filmoteca por la festividad de Semana Santa. \u00c9sta es programci\u00f3n general. Volvemos con m\u00e1s cine a partir del domingo d\u00eda 4 de abril [&hellip;]<\/p>\n","protected":false},"author":4,"featured_media":0,"comment_status":"closed","ping_status":"closed","sticky":false,"template":"","format":"standard","meta":{"footnotes":""},"categories":[59],"tags":[58,116,117],"class_list":["post-9635","post","type-post","status-publish","format-standard","hentry","category-cultura","tag-centro-cultural-ramon-pelayo","tag-cine","tag-filmoteca"],"_links":{"self":[{"href":"https:\/\/mediocudeyo.es\/web\/wp-json\/wp\/v2\/posts\/9635"}],"collection":[{"href":"https:\/\/mediocudeyo.es\/web\/wp-json\/wp\/v2\/posts"}],"about":[{"href":"https:\/\/mediocudeyo.es\/web\/wp-json\/wp\/v2\/types\/post"}],"author":[{"embeddable":true,"href":"https:\/\/mediocudeyo.es\/web\/wp-json\/wp\/v2\/users\/4"}],"replies":[{"embeddable":true,"href":"https:\/\/mediocudeyo.es\/web\/wp-json\/wp\/v2\/comments?post=9635"}],"version-history":[{"count":0,"href":"https:\/\/mediocudeyo.es\/web\/wp-json\/wp\/v2\/posts\/9635\/revisions"}],"wp:attachment":[{"href":"https:\/\/mediocudeyo.es\/web\/wp-json\/wp\/v2\/media?parent=9635"}],"wp:term":[{"taxonomy":"category","embeddable":true,"href":"https:\/\/mediocudeyo.es\/web\/wp-json\/wp\/v2\/categories?post=9635"},{"taxonomy":"post_tag","embeddable":true,"href":"https:\/\/mediocudeyo.es\/web\/wp-json\/wp\/v2\/tags?post=9635"}],"curies":[{"name":"wp","href":"https:\/\/api.w.org\/{rel}","templated":true}]}}