{"id":9650,"date":"2021-03-29T20:00:42","date_gmt":"2021-03-29T19:00:42","guid":{"rendered":"http:\/\/mediocudeyo.es\/web\/?p=9650"},"modified":"2021-03-29T20:00:42","modified_gmt":"2021-03-29T19:00:42","slug":"cerrado-por-festividad","status":"publish","type":"post","link":"https:\/\/mediocudeyo.es\/web\/cerrado-por-festividad\/","title":{"rendered":"CERRADO POR FESTIVIDAD"},"content":{"rendered":"\n<figure class=\"wp-block-image\"><img decoding=\"async\" src=\"http:\/\/mediocudeyo.es\/web\/wp-content\/uploads\/2021\/03\/cartel-festivo-1024x724.jpg\" alt=\"\" class=\"wp-image-9651\"\/><\/figure>\n\n\n\n<p><strong>Los d\u00edas 1 y 2 de abril el Centro Cultural Ram\u00f3n Pelayo permanecer\u00e1 cerrado al p\u00fablico.<\/strong><\/p>\n\n\n\n<p><\/p>\n","protected":false},"excerpt":{"rendered":"<p>Los d\u00edas 1 y 2 de abril el Centro Cultural Ram\u00f3n Pelayo permanecer\u00e1 cerrado al p\u00fablico.<\/p>\n","protected":false},"author":4,"featured_media":0,"comment_status":"closed","ping_status":"closed","sticky":false,"template":"","format":"standard","meta":{"footnotes":""},"categories":[59],"tags":[58,318,397,123],"class_list":["post-9650","post","type-post","status-publish","format-standard","hentry","category-cultura","tag-centro-cultural-ramon-pelayo","tag-cierre","tag-festivo","tag-horarios"],"_links":{"self":[{"href":"https:\/\/mediocudeyo.es\/web\/wp-json\/wp\/v2\/posts\/9650"}],"collection":[{"href":"https:\/\/mediocudeyo.es\/web\/wp-json\/wp\/v2\/posts"}],"about":[{"href":"https:\/\/mediocudeyo.es\/web\/wp-json\/wp\/v2\/types\/post"}],"author":[{"embeddable":true,"href":"https:\/\/mediocudeyo.es\/web\/wp-json\/wp\/v2\/users\/4"}],"replies":[{"embeddable":true,"href":"https:\/\/mediocudeyo.es\/web\/wp-json\/wp\/v2\/comments?post=9650"}],"version-history":[{"count":0,"href":"https:\/\/mediocudeyo.es\/web\/wp-json\/wp\/v2\/posts\/9650\/revisions"}],"wp:attachment":[{"href":"https:\/\/mediocudeyo.es\/web\/wp-json\/wp\/v2\/media?parent=9650"}],"wp:term":[{"taxonomy":"category","embeddable":true,"href":"https:\/\/mediocudeyo.es\/web\/wp-json\/wp\/v2\/categories?post=9650"},{"taxonomy":"post_tag","embeddable":true,"href":"https:\/\/mediocudeyo.es\/web\/wp-json\/wp\/v2\/tags?post=9650"}],"curies":[{"name":"wp","href":"https:\/\/api.w.org\/{rel}","templated":true}]}}