{"id":9653,"date":"2021-03-25T17:40:57","date_gmt":"2021-03-25T16:40:57","guid":{"rendered":"http:\/\/mediocudeyo.es\/web\/?p=9653"},"modified":"2021-03-25T17:40:57","modified_gmt":"2021-03-25T16:40:57","slug":"crearte-talleres-de-manualidades-desde-casa-para-los-mas-pequenos-2","status":"publish","type":"post","link":"https:\/\/mediocudeyo.es\/web\/crearte-talleres-de-manualidades-desde-casa-para-los-mas-pequenos-2\/","title":{"rendered":"\u00abCREARTE\u00bb TALLERES DE MANUALIDADES DESDE CASA PARA LOS M\u00c1S PEQUE\u00d1OS."},"content":{"rendered":"\n<figure class=\"wp-block-image\"><img decoding=\"async\" src=\"http:\/\/mediocudeyo.es\/web\/wp-content\/uploads\/2021\/03\/CREARTE.-Cartel-marzo-JPG-724x1024.jpeg\" alt=\"\" class=\"wp-image-9654\"\/><\/figure>\n\n\n\n<p> Ma\u00f1ana viernes 26 de marzo los m\u00e1s peques de la casa,  tienen una actividad con motivo del D\u00eda Internacional del Teatro.<\/p>\n\n\n\n<ul class=\"wp-block-list\"><li>  17:30 horas Infantil \u00ab\u00bbT\u00cdTERES DE CART\u00d3N\u00bb \u00bb <\/li><\/ul>\n\n\n\n<figure class=\"wp-block-image\"><img decoding=\"async\" src=\"http:\/\/mediocudeyo.es\/web\/wp-content\/uploads\/2021\/03\/foto-tallerres-3-1024x1024.jpg\" alt=\"\" class=\"wp-image-9660\"\/><\/figure>\n\n\n\n<ul class=\"wp-block-list\"><li>18:30 horas Primaria \u00abT\u00cdTERES CON CALCET\u00cdN\u00bb<\/li><\/ul>\n\n\n\n<p> Directo desde Facebook live: Medio Cudeyo Cultural.<\/p>\n\n\n\n<p>CON\u00c9CTATE PINCHANDO AQU\u00cd <\/p>\n\n\n\n<p>No es necesaria inscripci\u00f3n previa, solo con\u00e9ctate.<\/p>\n\n\n\n<p>  A continuaci\u00f3n ten\u00e9is la lista de materiales de los T\u00edteres que se van a hacer en los talleres de manualidades. <\/p>\n\n\n\n<figure class=\"wp-block-image\"><img decoding=\"async\" src=\"http:\/\/mediocudeyo.es\/web\/wp-content\/uploads\/2021\/03\/MATERIALES-PARA-LOS-TALLERES-1-1024x724.jpg\" alt=\"\" class=\"wp-image-9662\"\/><\/figure>\n\n\n\n<p> Si tienes alguna duda contacta con nosotros por  Whatsapp en el 942522685 o por correo-e: centrocultural@mediocudeyo.es <\/p>\n\n\n\n<p>\u00a1\u00a1TE ESPERAMOS: NO PUEDES FALTAR, QUE PASAMOS LISTA.&#x203c; <\/p>\n","protected":false},"excerpt":{"rendered":"<p>Ma\u00f1ana viernes 26 de marzo los m\u00e1s peques de la casa, tienen una actividad con motivo del D\u00eda Internacional del Teatro. 17:30 horas Infantil \u00ab\u00bbT\u00cdTERES DE CART\u00d3N\u00bb \u00bb 18:30 horas [&hellip;]<\/p>\n","protected":false},"author":4,"featured_media":0,"comment_status":"closed","ping_status":"closed","sticky":false,"template":"","format":"standard","meta":{"footnotes":""},"categories":[59,48],"tags":[58,420,358,65],"class_list":["post-9653","post","type-post","status-publish","format-standard","hentry","category-cultura","category-infantil","tag-centro-cultural-ramon-pelayo","tag-culturasegura","tag-dia-mundial-del-teatro","tag-manualidades"],"_links":{"self":[{"href":"https:\/\/mediocudeyo.es\/web\/wp-json\/wp\/v2\/posts\/9653"}],"collection":[{"href":"https:\/\/mediocudeyo.es\/web\/wp-json\/wp\/v2\/posts"}],"about":[{"href":"https:\/\/mediocudeyo.es\/web\/wp-json\/wp\/v2\/types\/post"}],"author":[{"embeddable":true,"href":"https:\/\/mediocudeyo.es\/web\/wp-json\/wp\/v2\/users\/4"}],"replies":[{"embeddable":true,"href":"https:\/\/mediocudeyo.es\/web\/wp-json\/wp\/v2\/comments?post=9653"}],"version-history":[{"count":0,"href":"https:\/\/mediocudeyo.es\/web\/wp-json\/wp\/v2\/posts\/9653\/revisions"}],"wp:attachment":[{"href":"https:\/\/mediocudeyo.es\/web\/wp-json\/wp\/v2\/media?parent=9653"}],"wp:term":[{"taxonomy":"category","embeddable":true,"href":"https:\/\/mediocudeyo.es\/web\/wp-json\/wp\/v2\/categories?post=9653"},{"taxonomy":"post_tag","embeddable":true,"href":"https:\/\/mediocudeyo.es\/web\/wp-json\/wp\/v2\/tags?post=9653"}],"curies":[{"name":"wp","href":"https:\/\/api.w.org\/{rel}","templated":true}]}}