{"id":9709,"date":"2021-04-14T15:18:02","date_gmt":"2021-04-14T14:18:02","guid":{"rendered":"http:\/\/mediocudeyo.es\/web\/?p=9709"},"modified":"2021-04-14T15:18:02","modified_gmt":"2021-04-14T14:18:02","slug":"mas-alla-de-los-libros-2","status":"publish","type":"post","link":"https:\/\/mediocudeyo.es\/web\/mas-alla-de-los-libros-2\/","title":{"rendered":"M\u00c1S ALL\u00c1 DE LOS LIBROS"},"content":{"rendered":"\n<figure class=\"wp-block-image\"><img decoding=\"async\" src=\"http:\/\/mediocudeyo.es\/web\/wp-content\/uploads\/2021\/04\/BIBLIOTECA.-Animaci\u00f3n-a-la-lectura.-CARTEL-JPG-724x1024.jpeg\" alt=\"\" class=\"wp-image-9710\"\/><\/figure>\n\n\n\n<p>Actividades de animaci\u00f3n a la lectura para todos los p\u00fablicos. <\/p>\n\n\n\n<p> Informaci\u00f3n:<\/p>\n\n\n\n<ul class=\"wp-block-list\"><li>\u00bfCuando?  Todos los viernes.<\/li><li>\u00bfA que hora? A partir de 17:00 horas.<\/li><li>\u00bfDonde?  En Facebook e Instagram.<\/li><li>No es necesaria inscripci\u00f3n previa, con\u00e9ctate y listo. <\/li><\/ul>\n\n\n\n<p> Viernes  16 de abril  para infantil y primaria desdeFacebook live: Medio Cudeyo Cultural. <\/p>\n\n\n\n<p>Viernes 23 de abril  literatura Juvenil.<\/p>\n\n\n\n<p>Viernes 30 d abril literatura adulta.<\/p>\n\n\n\n<p>\nTE ESPERAMOS: NO PUEDES FALTAR, QUE PASAMOS LISTA.\n\n<\/p>\n","protected":false},"excerpt":{"rendered":"<p>Actividades de animaci\u00f3n a la lectura para todos los p\u00fablicos. Informaci\u00f3n: \u00bfCuando? Todos los viernes. \u00bfA que hora? A partir de 17:00 horas. \u00bfDonde? En Facebook e Instagram. No es [&hellip;]<\/p>\n","protected":false},"author":4,"featured_media":0,"comment_status":"closed","ping_status":"closed","sticky":false,"template":"","format":"standard","meta":{"footnotes":""},"categories":[59],"tags":[178,374,58],"class_list":["post-9709","post","type-post","status-publish","format-standard","hentry","category-cultura","tag-animacion-a-la-lectura","tag-biblioteca-municipal","tag-centro-cultural-ramon-pelayo"],"_links":{"self":[{"href":"https:\/\/mediocudeyo.es\/web\/wp-json\/wp\/v2\/posts\/9709"}],"collection":[{"href":"https:\/\/mediocudeyo.es\/web\/wp-json\/wp\/v2\/posts"}],"about":[{"href":"https:\/\/mediocudeyo.es\/web\/wp-json\/wp\/v2\/types\/post"}],"author":[{"embeddable":true,"href":"https:\/\/mediocudeyo.es\/web\/wp-json\/wp\/v2\/users\/4"}],"replies":[{"embeddable":true,"href":"https:\/\/mediocudeyo.es\/web\/wp-json\/wp\/v2\/comments?post=9709"}],"version-history":[{"count":0,"href":"https:\/\/mediocudeyo.es\/web\/wp-json\/wp\/v2\/posts\/9709\/revisions"}],"wp:attachment":[{"href":"https:\/\/mediocudeyo.es\/web\/wp-json\/wp\/v2\/media?parent=9709"}],"wp:term":[{"taxonomy":"category","embeddable":true,"href":"https:\/\/mediocudeyo.es\/web\/wp-json\/wp\/v2\/categories?post=9709"},{"taxonomy":"post_tag","embeddable":true,"href":"https:\/\/mediocudeyo.es\/web\/wp-json\/wp\/v2\/tags?post=9709"}],"curies":[{"name":"wp","href":"https:\/\/api.w.org\/{rel}","templated":true}]}}