{"id":9936,"date":"2021-06-01T15:18:00","date_gmt":"2021-06-01T14:18:00","guid":{"rendered":"http:\/\/mediocudeyo.es\/web\/?p=9936"},"modified":"2021-06-01T15:18:00","modified_gmt":"2021-06-01T14:18:00","slug":"campus-multideporte-y-programa-de-conciliacion","status":"publish","type":"post","link":"https:\/\/mediocudeyo.es\/web\/campus-multideporte-y-programa-de-conciliacion\/","title":{"rendered":"Campus multideporte y Programa de Conciliaci\u00f3n"},"content":{"rendered":"\n<p>La concejalia de Educaci\u00f3n, Cultura, Infancia y Juventud y la Concejal\u00eda de Hacienda, Deportes y Festejos presentan sus programas para los meses de julio y agosto.<\/p>\n\n\n\n<p>La Concejal\u00eda de deportes presenta un <strong>\u00abCampus multideporte\u00bb<\/strong> para ni\u00f1os y ni\u00f1as de entre 8 y 12 a\u00f1os, empadronados en Medio Cudeyo o no empadronados pero que est\u00e9n escolarizados en los centros del municipio.<\/p>\n\n\n\n<p>Las actividades tendr\u00e1n lugar en Solares y Valdecilla.<\/p>\n\n\n\n<p><em>SOLICITUD DE PLAZA: <\/em><strong><em>Del 2 de junio al 11 de junio, ambos inclusive. <\/em><\/strong><\/p>\n\n\n\n<p><em>Listas de admitidos:<\/em> 15 de junio.<\/p>\n\n\n\n<p><em>Formalizaci\u00f3n de la matr\u00edcula<\/em>: 16, 17 y 18 de junio.<\/p>\n\n\n\n<p>Plazas: 30 ( Si hubiera m\u00e1s solicitudes que el n\u00famero de plazas se realizar\u00e1 un sorteo. )<\/p>\n\n\n\n<p>Horario: 9.00 a 14.00. <\/p>\n\n\n\n<p>Precio: 20\u20ac quincena 40\u20ac mensual <\/p>\n\n\n\n<figure class=\"wp-block-image\"><img decoding=\"async\" src=\"http:\/\/mediocudeyo.es\/web\/wp-content\/uploads\/2021\/06\/MULTIDEPORTE-2021.CARTEL-736x1024.jpg\" alt=\"\" class=\"wp-image-9937\"\/><\/figure>\n\n\n\n<p>Por otro lado, la Concejal\u00eda de Educaci\u00f3n, Cultura, Infancia y Juventud  presenta el programa<strong> \u00abConciliaci\u00f3n verano 2021\u00bb<\/strong>.<\/p>\n\n\n\n<p>Est\u00e1 dirigido a ni\u00f1os y ni\u00f1as de 2 a 12 a\u00f1os cuyos padres trabajen en el horario del programa (8.00 a 14.00), incluye familias monoparentales. En el orden de admisi\u00f3n ir\u00e1n primero los empadronad@s y las plazas sobrantes ser\u00e1n para ni\u00f1@s escolarzad@s en centros educativos del municipio.<\/p>\n\n\n\n<p>Las actividades se realizar\u00e1n en dos sedes, Valdecilla y Heras.<\/p>\n\n\n\n<p><em>SOLICITUD DE PLAZA: <\/em><strong><em>Del 7 de junio al 18 de junio, ambos inclusive. <\/em><\/strong><\/p>\n\n\n\n<p><em>Listas de admitidos:<\/em> 22 de junio.<\/p>\n\n\n\n<p><em>Formalizaci\u00f3n de la matr\u00edcula<\/em>: 23, 24 y 25 de junio.<\/p>\n\n\n\n<p>Plazas: 70 en ambas sedes.<\/p>\n\n\n\n<p>Horario: A elegir de 8:00 a 14 h.\/ de 8:00 a 13:00 h.\/ de 9.00 a 14.00 h.<\/p>\n\n\n\n<p>Precio: Diferentes opciones quicenales y mensuales seg\u00fan horario, empadronados y no empadronados (consultar en la solicitud).<\/p>\n\n\n\n<figure class=\"wp-block-image\"><img decoding=\"async\" src=\"http:\/\/mediocudeyo.es\/web\/wp-content\/uploads\/2021\/06\/Cartel-verano-2021-conciliaci\u00f3n-718x1024.jpg\" alt=\"\" class=\"wp-image-9938\"\/><\/figure>\n\n\n\n<p>Las solicitudes de inscripci\u00f3n y la declaraci\u00f3n responsable para el Campus multideporte y el Programa Conciliaci\u00f3n Verano 2021 pueden descargarse <a href=\"http:\/\/mediocudeyo.es\/web\/documentos-publicos\/\"><strong>aqu\u00ed<\/strong><\/a>.<\/p>\n","protected":false},"excerpt":{"rendered":"<p>La concejalia de Educaci\u00f3n, Cultura, Infancia y Juventud y la Concejal\u00eda de Hacienda, Deportes y Festejos presentan sus programas para los meses de julio y agosto. La Concejal\u00eda de deportes [&hellip;]<\/p>\n","protected":false},"author":4,"featured_media":0,"comment_status":"closed","ping_status":"closed","sticky":false,"template":"","format":"standard","meta":{"footnotes":""},"categories":[59,38,39,48],"tags":[109,268,99,407],"class_list":["post-9936","post","type-post","status-publish","format-standard","hentry","category-cultura","category-deporte","category-educacion","category-infantil","tag-conciliacion","tag-deporte","tag-educacion","tag-infancia"],"_links":{"self":[{"href":"https:\/\/mediocudeyo.es\/web\/wp-json\/wp\/v2\/posts\/9936"}],"collection":[{"href":"https:\/\/mediocudeyo.es\/web\/wp-json\/wp\/v2\/posts"}],"about":[{"href":"https:\/\/mediocudeyo.es\/web\/wp-json\/wp\/v2\/types\/post"}],"author":[{"embeddable":true,"href":"https:\/\/mediocudeyo.es\/web\/wp-json\/wp\/v2\/users\/4"}],"replies":[{"embeddable":true,"href":"https:\/\/mediocudeyo.es\/web\/wp-json\/wp\/v2\/comments?post=9936"}],"version-history":[{"count":0,"href":"https:\/\/mediocudeyo.es\/web\/wp-json\/wp\/v2\/posts\/9936\/revisions"}],"wp:attachment":[{"href":"https:\/\/mediocudeyo.es\/web\/wp-json\/wp\/v2\/media?parent=9936"}],"wp:term":[{"taxonomy":"category","embeddable":true,"href":"https:\/\/mediocudeyo.es\/web\/wp-json\/wp\/v2\/categories?post=9936"},{"taxonomy":"post_tag","embeddable":true,"href":"https:\/\/mediocudeyo.es\/web\/wp-json\/wp\/v2\/tags?post=9936"}],"curies":[{"name":"wp","href":"https:\/\/api.w.org\/{rel}","templated":true}]}}