{"id":9998,"date":"2021-06-14T11:09:10","date_gmt":"2021-06-14T10:09:10","guid":{"rendered":"http:\/\/mediocudeyo.es\/web\/?p=9998"},"modified":"2021-06-14T11:09:10","modified_gmt":"2021-06-14T10:09:10","slug":"fusionarte-para-nins-yo-pinto-tu-pintas","status":"publish","type":"post","link":"https:\/\/mediocudeyo.es\/web\/fusionarte-para-nins-yo-pinto-tu-pintas\/","title":{"rendered":"FusionArte para ni\u00f1@s: \u00abYo pinto, t\u00fa pintas\u00bb"},"content":{"rendered":"\n<p>Este domingo traemos al Centro Cultural dentro del Ciclo <a href=\"https:\/\/www.facebook.com\/hashtag\/fusionarte?__eep__=6&amp;__cft__[0]=AZVOf8UJVrspwDOIGgXS_u41zPx2uwDr05BNvBfRur3OhjJbjLnUw2myO_EUuyHThqltCuSA7Td2bKG-Iqw_1GNj97O62f3JUOKnGI0cuXM5TfR3XXd2mTXyHqIezr26CPCUipwL50-Bus_9CJQCdOTw&amp;__tn__=q\">#Fusionarte<\/a> una actividad multisensorial para ni\u00f1os y ni\u00f1as  de entre 5 y 11 a\u00f1os.<\/p>\n\n\n\n<p>Despertar de un sue\u00f1o en la sala de un inmenso museo y conocer a Pablo  Picasso, Andy Warhol, Jackson Pollock, Paul Cezanne o Vincent Van Gogh;  esta es la aventura art\u00edstica que nos propone el espect\u00e1culo \u00abYo Pinto,  t\u00fa pintas\u00bb. Los  espectadores acompa\u00f1ar\u00e1n al joven artista Pablo en su viaje por el  mundo de la expresi\u00f3n pict\u00f3rica de una forma muy vivencial gracias a la  utilizaci\u00f3n de las tecnolog\u00edas audiovisuales, la m\u00fasica y la danza.<\/p>\n\n\n\n<p>Disfruta una vez m\u00e1s en Medio Cudeyo de la  <a href=\"https:\/\/www.facebook.com\/hashtag\/culturasegura?__eep__=6&amp;__cft__[0]=AZVOf8UJVrspwDOIGgXS_u41zPx2uwDr05BNvBfRur3OhjJbjLnUw2myO_EUuyHThqltCuSA7Td2bKG-Iqw_1GNj97O62f3JUOKnGI0cuXM5TfR3XXd2mTXyHqIezr26CPCUipwL50-Bus_9CJQCdOTw&amp;__tn__=q\">#CulturaSegura<\/a> de la mano de Ruido Interno <\/p>\n\n\n\n<p>\u00a1Entrada gratuita! (imprescindible reservar).<\/p>\n\n\n\n<p>Los ni\u00f1@s entrar\u00e1n solos a la actividad, pudiendo el familiar que acompa\u00f1e acercarles hasta la instalaci\u00f3n.<\/p>\n\n\n\n<p><strong><em> Informaci\u00f3n y reservas en el Centro Cultural Ram\u00f3n Pelayo:<\/em><\/strong><br> centrocultural@mediocudeyo.es<br> Tel\u00e9fono o Whatsapp: 942 522 685<\/p>\n\n\n\n<p>Es  necesario <strong><em>para realizar la reserva aportar los siguientes datos <\/em><\/strong>de  tod@s los asistentes: nombre completo, DNI (de los menores si tienen  tambi\u00e9n), tel\u00e9fono de contacto, municipio de residencia y edad de los  menores.<\/p>\n\n\n\n<figure class=\"wp-block-image\"><img decoding=\"async\" src=\"http:\/\/mediocudeyo.es\/web\/wp-content\/uploads\/2021\/06\/FusionARTE-20-de-junio.-CARTEL-JPG-724x1024.jpg\" alt=\"\" class=\"wp-image-9999\"\/><\/figure>\n\n\n\n<p><strong>Medidas de seguridad:<\/strong><br>Entrada y salida escalonada.<br>Aforo reducido.<br>Uso de mascarilla durante toda la actividad.<br>Uso de gel hidro-alcoh\u00f3lico <\/p>\n","protected":false},"excerpt":{"rendered":"<p>Este domingo traemos al Centro Cultural dentro del Ciclo #Fusionarte una actividad multisensorial para ni\u00f1os y ni\u00f1as de entre 5 y 11 a\u00f1os. Despertar de un sue\u00f1o en la sala [&hellip;]<\/p>\n","protected":false},"author":4,"featured_media":9999,"comment_status":"closed","ping_status":"closed","sticky":false,"template":"","format":"standard","meta":{"footnotes":""},"categories":[59,48],"tags":[193,238,407],"class_list":["post-9998","post","type-post","status-publish","format-standard","has-post-thumbnail","hentry","category-cultura","category-infantil","tag-arte","tag-cultura","tag-infancia"],"_links":{"self":[{"href":"https:\/\/mediocudeyo.es\/web\/wp-json\/wp\/v2\/posts\/9998"}],"collection":[{"href":"https:\/\/mediocudeyo.es\/web\/wp-json\/wp\/v2\/posts"}],"about":[{"href":"https:\/\/mediocudeyo.es\/web\/wp-json\/wp\/v2\/types\/post"}],"author":[{"embeddable":true,"href":"https:\/\/mediocudeyo.es\/web\/wp-json\/wp\/v2\/users\/4"}],"replies":[{"embeddable":true,"href":"https:\/\/mediocudeyo.es\/web\/wp-json\/wp\/v2\/comments?post=9998"}],"version-history":[{"count":0,"href":"https:\/\/mediocudeyo.es\/web\/wp-json\/wp\/v2\/posts\/9998\/revisions"}],"wp:featuredmedia":[{"embeddable":true,"href":"https:\/\/mediocudeyo.es\/web\/wp-json\/"}],"wp:attachment":[{"href":"https:\/\/mediocudeyo.es\/web\/wp-json\/wp\/v2\/media?parent=9998"}],"wp:term":[{"taxonomy":"category","embeddable":true,"href":"https:\/\/mediocudeyo.es\/web\/wp-json\/wp\/v2\/categories?post=9998"},{"taxonomy":"post_tag","embeddable":true,"href":"https:\/\/mediocudeyo.es\/web\/wp-json\/wp\/v2\/tags?post=9998"}],"curies":[{"name":"wp","href":"https:\/\/api.w.org\/{rel}","templated":true}]}}